{"id":41210,"date":"2022-02-23T11:30:00","date_gmt":"2022-02-23T14:30:00","guid":{"rendered":"https:\/\/www.portalalerta.com.br\/?p=41210"},"modified":"2022-02-22T23:49:09","modified_gmt":"2022-02-23T02:49:09","slug":"justica-anula-operacao-contra-ciro-gomes-em-investigacao-sobre-desvios-na-obra-do-castelao","status":"publish","type":"post","link":"https:\/\/www.portalalerta.com.br\/index.php\/2022\/02\/23\/justica-anula-operacao-contra-ciro-gomes-em-investigacao-sobre-desvios-na-obra-do-castelao\/","title":{"rendered":"Justi\u00e7a anula opera\u00e7\u00e3o contra Ciro Gomes em investiga\u00e7\u00e3o sobre desvios na obra do Castel\u00e3o"},"content":{"rendered":"\n<p>Resolu\u00e7\u00e3o do TRF-5 considera que n\u00e3o houve requisitos que dessem embasamento \u00e0 decis\u00e3o do juiz federal em autorizar as investiga\u00e7\u00f5es na casa de Ciro<\/p>\n\n\n\n<!--more-->\n\n\n\n<p>A quarta turma do Tribunal Regional Federal da 5\u00aa regi\u00e3o (TRF-5) concedeu, por unanimidade, habeas corpus ao ex-governador do Cear\u00e1, Ciro Gomes (PDT).&nbsp;<\/p>\n\n\n\n<div class=\"wp-block-image\"><figure class=\"alignleft size-large is-resized\"><img fetchpriority=\"high\" decoding=\"async\" src=\"https:\/\/www.portalalerta.com.br\/wp-content\/uploads\/2021\/10\/Cred-Real-1024x1024.jpeg\" alt=\"\" class=\"wp-image-38729\" width=\"422\" height=\"422\" srcset=\"https:\/\/www.portalalerta.com.br\/wp-content\/uploads\/2021\/10\/Cred-Real-1024x1024.jpeg 1024w, https:\/\/www.portalalerta.com.br\/wp-content\/uploads\/2021\/10\/Cred-Real-240x240.jpeg 240w, https:\/\/www.portalalerta.com.br\/wp-content\/uploads\/2021\/10\/Cred-Real-768x768.jpeg 768w, https:\/\/www.portalalerta.com.br\/wp-content\/uploads\/2021\/10\/Cred-Real-1536x1536.jpeg 1536w, https:\/\/www.portalalerta.com.br\/wp-content\/uploads\/2021\/10\/Cred-Real-146x146.jpeg 146w, https:\/\/www.portalalerta.com.br\/wp-content\/uploads\/2021\/10\/Cred-Real-50x50.jpeg 50w, https:\/\/www.portalalerta.com.br\/wp-content\/uploads\/2021\/10\/Cred-Real-75x75.jpeg 75w, https:\/\/www.portalalerta.com.br\/wp-content\/uploads\/2021\/10\/Cred-Real-85x85.jpeg 85w, https:\/\/www.portalalerta.com.br\/wp-content\/uploads\/2021\/10\/Cred-Real-80x80.jpeg 80w, https:\/\/www.portalalerta.com.br\/wp-content\/uploads\/2021\/10\/Cred-Real.jpeg 1920w\" sizes=\"(max-width: 422px) 100vw, 422px\" \/><\/figure><\/div>\n\n\n\n<p>A decis\u00e3o anula o mandado de busca e apreens\u00e3o expedido contra Ciro em opera\u00e7\u00e3o deflagrada em dezembro de 2021, sobre poss\u00edveis desvios de verba durante a reforma da Arena Castel\u00e3o, principal est\u00e1dio do estado e um dos palcos da Copa do Mundo de 2014.<\/p>\n\n\n\n<p>A resolu\u00e7\u00e3o do TRF-5 considera que n\u00e3o houve requisitos que dessem embasamento \u00e0 decis\u00e3o do juiz federal em autorizar as investiga\u00e7\u00f5es na casa de Ciro. Foi levado em considera\u00e7\u00e3o, inclusive, a <strong><em>&#8220;aus\u00eancia de contemporaneidade&#8221;<\/em><\/strong>, ou seja, o per\u00edodo que se passou entre os supostos fatos que motivam a acusa\u00e7\u00e3o e os dias atuais. As obras na Arena Castel\u00e3o aconteceram entre 2010 e 2013, quando Cid Gomes (PDT) era governador do Cear\u00e1.<\/p>\n\n\n\n<p><em>Fonte: Metro1<\/em><\/p>\n","protected":false},"excerpt":{"rendered":"<p>Resolu\u00e7\u00e3o do TRF-5 considera que n\u00e3o houve requisitos que dessem embasamento \u00e0 decis\u00e3o do juiz federal em autorizar as investiga\u00e7\u00f5es na casa de Ciro<\/p>\n","protected":false},"author":2,"featured_media":10767,"comment_status":"open","ping_status":"open","sticky":false,"template":"","format":"standard","meta":{"om_disable_all_campaigns":false,"_monsterinsights_skip_tracking":false,"_monsterinsights_sitenote_active":false,"_monsterinsights_sitenote_note":"","_monsterinsights_sitenote_category":0,"footnotes":""},"categories":[34,70,69,21],"tags":[967,270,484],"class_list":["post-41210","post","type-post","status-publish","format-standard","has-post-thumbnail","hentry","category-brasil","category-destaques","category-noticias2","category-politica","tag-ciro-gomes","tag-justica","tag-trf"],"aioseo_notices":[],"_links":{"self":[{"href":"https:\/\/www.portalalerta.com.br\/index.php\/wp-json\/wp\/v2\/posts\/41210","targetHints":{"allow":["GET"]}}],"collection":[{"href":"https:\/\/www.portalalerta.com.br\/index.php\/wp-json\/wp\/v2\/posts"}],"about":[{"href":"https:\/\/www.portalalerta.com.br\/index.php\/wp-json\/wp\/v2\/types\/post"}],"author":[{"embeddable":true,"href":"https:\/\/www.portalalerta.com.br\/index.php\/wp-json\/wp\/v2\/users\/2"}],"replies":[{"embeddable":true,"href":"https:\/\/www.portalalerta.com.br\/index.php\/wp-json\/wp\/v2\/comments?post=41210"}],"version-history":[{"count":1,"href":"https:\/\/www.portalalerta.com.br\/index.php\/wp-json\/wp\/v2\/posts\/41210\/revisions"}],"predecessor-version":[{"id":41211,"href":"https:\/\/www.portalalerta.com.br\/index.php\/wp-json\/wp\/v2\/posts\/41210\/revisions\/41211"}],"wp:featuredmedia":[{"embeddable":true,"href":"https:\/\/www.portalalerta.com.br\/index.php\/wp-json\/wp\/v2\/media\/10767"}],"wp:attachment":[{"href":"https:\/\/www.portalalerta.com.br\/index.php\/wp-json\/wp\/v2\/media?parent=41210"}],"wp:term":[{"taxonomy":"category","embeddable":true,"href":"https:\/\/www.portalalerta.com.br\/index.php\/wp-json\/wp\/v2\/categories?post=41210"},{"taxonomy":"post_tag","embeddable":true,"href":"https:\/\/www.portalalerta.com.br\/index.php\/wp-json\/wp\/v2\/tags?post=41210"}],"curies":[{"name":"wp","href":"https:\/\/api.w.org\/{rel}","templated":true}]}}