{"id":41217,"date":"2022-02-23T11:31:00","date_gmt":"2022-02-23T14:31:00","guid":{"rendered":"https:\/\/www.portalalerta.com.br\/?p=41217"},"modified":"2022-02-23T10:40:01","modified_gmt":"2022-02-23T13:40:01","slug":"sinproerp-e-simurp-convocam-assembleia-geral-para-esta-quarta-feira-em-ribeira-do-pombal-ba","status":"publish","type":"post","link":"https:\/\/www.portalalerta.com.br\/index.php\/2022\/02\/23\/sinproerp-e-simurp-convocam-assembleia-geral-para-esta-quarta-feira-em-ribeira-do-pombal-ba\/","title":{"rendered":"SINPROERP e SIMURP convocam Assembleia Geral para esta quarta-feira, em Ribeira do Pombal-BA"},"content":{"rendered":"\n<p>O Sindicato dos Professores de Ribeira do Pombal (SINPROERP) convocou Assembleia Geral Extraordin\u00e1ria para esta quarta-feira (23), tendo como pauta a proposta de 14% de aumento salarial para a categoria referente ao ano de 2022 feita pela Prefeitura. A reuni\u00e3o acontecer\u00e1 no audit\u00f3rio do CEB \u00e1s 18:30 horas.<\/p>\n\n\n\n<!--more-->\n\n\n\n<p>J\u00e1 o Presidente do SIMURP est\u00e1 convocando Assembleia Geral para esta quarta-feira (23), na sede do mesmo, \u00e1s 18 horas, tendo como pauta o preenchimento dos cargos vagos na atual dire\u00e7\u00e3o: <strong>Vice-Presidente, Tesoureiro, Membros do Conselho Fiscal, Secret\u00e1rio para assuntos de rela\u00e7\u00f5es humanas e jur\u00eddicas<\/strong>, <strong>Secret\u00e1rios para assuntos de rela\u00e7\u00f5es, informa\u00e7\u00f5es, imprensa e comunica\u00e7\u00e3o<\/strong>. O sindicalizado que tiver interessado precisa se fazer presente \u00e0 reuni\u00e3o e se manifestar.<\/p>\n\n\n\n<p><em>Fonte: Joilson Costa<\/em><\/p>\n","protected":false},"excerpt":{"rendered":"<p>O Sindicato dos Professores de Ribeira do Pombal (SINPROERP) convocou Assembleia Geral Extraordin\u00e1ria para esta quarta-feira (23), tendo como pauta a proposta de 14% de aumento salarial para a categoria referente ao ano de 2022 feita pela Prefeitura. A reuni\u00e3o acontecer\u00e1 no audit\u00f3rio do CEB \u00e1s 18:30 horas.<\/p>\n","protected":false},"author":2,"featured_media":41218,"comment_status":"open","ping_status":"open","sticky":false,"template":"","format":"standard","meta":{"om_disable_all_campaigns":false,"_monsterinsights_skip_tracking":false,"_monsterinsights_sitenote_active":false,"_monsterinsights_sitenote_note":"","_monsterinsights_sitenote_category":0,"footnotes":""},"categories":[70,20,69,32,3],"tags":[724,47,2257,715,1511],"class_list":["post-41217","post","type-post","status-publish","format-standard","has-post-thumbnail","hentry","category-destaques","category-educacao","category-noticias2","category-regiao","category-ribeira-do-pombal","tag-assembleia","tag-ribeira-do-pombal","tag-simurp","tag-sindicato","tag-sinproerp"],"aioseo_notices":[],"_links":{"self":[{"href":"https:\/\/www.portalalerta.com.br\/index.php\/wp-json\/wp\/v2\/posts\/41217","targetHints":{"allow":["GET"]}}],"collection":[{"href":"https:\/\/www.portalalerta.com.br\/index.php\/wp-json\/wp\/v2\/posts"}],"about":[{"href":"https:\/\/www.portalalerta.com.br\/index.php\/wp-json\/wp\/v2\/types\/post"}],"author":[{"embeddable":true,"href":"https:\/\/www.portalalerta.com.br\/index.php\/wp-json\/wp\/v2\/users\/2"}],"replies":[{"embeddable":true,"href":"https:\/\/www.portalalerta.com.br\/index.php\/wp-json\/wp\/v2\/comments?post=41217"}],"version-history":[{"count":1,"href":"https:\/\/www.portalalerta.com.br\/index.php\/wp-json\/wp\/v2\/posts\/41217\/revisions"}],"predecessor-version":[{"id":41219,"href":"https:\/\/www.portalalerta.com.br\/index.php\/wp-json\/wp\/v2\/posts\/41217\/revisions\/41219"}],"wp:featuredmedia":[{"embeddable":true,"href":"https:\/\/www.portalalerta.com.br\/index.php\/wp-json\/wp\/v2\/media\/41218"}],"wp:attachment":[{"href":"https:\/\/www.portalalerta.com.br\/index.php\/wp-json\/wp\/v2\/media?parent=41217"}],"wp:term":[{"taxonomy":"category","embeddable":true,"href":"https:\/\/www.portalalerta.com.br\/index.php\/wp-json\/wp\/v2\/categories?post=41217"},{"taxonomy":"post_tag","embeddable":true,"href":"https:\/\/www.portalalerta.com.br\/index.php\/wp-json\/wp\/v2\/tags?post=41217"}],"curies":[{"name":"wp","href":"https:\/\/api.w.org\/{rel}","templated":true}]}}