{"id":41224,"date":"2022-02-23T18:01:00","date_gmt":"2022-02-23T21:01:00","guid":{"rendered":"https:\/\/www.portalalerta.com.br\/?p=41224"},"modified":"2022-02-23T19:42:26","modified_gmt":"2022-02-23T22:42:26","slug":"samu-e-corpo-de-bombeiros-prestes-a-serem-implantados-em-ribeira-do-pombal-ba","status":"publish","type":"post","link":"https:\/\/www.portalalerta.com.br\/index.php\/2022\/02\/23\/samu-e-corpo-de-bombeiros-prestes-a-serem-implantados-em-ribeira-do-pombal-ba\/","title":{"rendered":"SAMU e Corpo de Bombeiros, prestes a serem implantados em Ribeira do Pombal-BA"},"content":{"rendered":"\n<p>No in\u00edcio da tarde desta quarta-feira (23), o prefeito de Ribeira do Pombal-BA, Eriksson Silva, anunciou que em reuni\u00e3o com o comandante do Corpo de Bombeiros Militar da Bahia, o Coronel Adson Marchesini, recebeu a confirma\u00e7\u00e3o da instala\u00e7\u00e3o do Sub Grupamento ainda no primeiro semestre do corrente ano.<\/p>\n\n\n\n<!--more-->\n\n\n\n<p>Segundo o gestor, o local escolhido foi o bairro Pombalzinho, onde ser\u00e1 instalada a Sub Unidade, que contar\u00e1 com um caminh\u00e3o para Combate a Inc\u00eandio, al\u00e9m de uma picape 0KM, para atender as ocorr\u00eancias.<\/p>\n\n\n\n<p><strong>SAMU<\/strong><\/p>\n\n\n\n<div class=\"wp-block-image\"><figure class=\"aligncenter size-full\"><img fetchpriority=\"high\" decoding=\"async\" width=\"500\" height=\"397\" src=\"https:\/\/www.portalalerta.com.br\/wp-content\/uploads\/2022\/02\/visita-da-equipe-do-SAMU-em-Ribeira-do-Pombal-2022.jpeg\" alt=\"\" class=\"wp-image-41213\" srcset=\"https:\/\/www.portalalerta.com.br\/wp-content\/uploads\/2022\/02\/visita-da-equipe-do-SAMU-em-Ribeira-do-Pombal-2022.jpeg 500w, https:\/\/www.portalalerta.com.br\/wp-content\/uploads\/2022\/02\/visita-da-equipe-do-SAMU-em-Ribeira-do-Pombal-2022-302x240.jpeg 302w, https:\/\/www.portalalerta.com.br\/wp-content\/uploads\/2022\/02\/visita-da-equipe-do-SAMU-em-Ribeira-do-Pombal-2022-184x146.jpeg 184w, https:\/\/www.portalalerta.com.br\/wp-content\/uploads\/2022\/02\/visita-da-equipe-do-SAMU-em-Ribeira-do-Pombal-2022-50x40.jpeg 50w, https:\/\/www.portalalerta.com.br\/wp-content\/uploads\/2022\/02\/visita-da-equipe-do-SAMU-em-Ribeira-do-Pombal-2022-94x75.jpeg 94w\" sizes=\"(max-width: 500px) 100vw, 500px\" \/><\/figure><\/div>\n\n\n\n<p>Nesta ter\u00e7a-feira (22), o munic\u00edpio de Ribeira do Pombal-BA recebeu a visita da Secret\u00e1ria de Sa\u00fade de Alagoinhas-BA, com a Equipe T\u00e9cnica envolvida na implanta\u00e7\u00e3o do SAMU 192 Regional.<\/p>\n\n\n\n<p>Nas redes sociais, a Secretaria Municipal de Sa\u00fade afirmou que a implanta\u00e7\u00e3o est\u00e1 pr\u00f3xima de se tornar realidade: <strong><em>\u201cEstamos pr\u00f3ximos de concretizar um projeto que h\u00e1 muito tempo vem sendo idealizado, unindo for\u00e7as para melhoria do acesso aos servi\u00e7os e fortalecendo a rede de aten\u00e7\u00e3o \u00e0 Sa\u00fade!\u201d<\/em><\/strong>, concluiu.<\/p>\n\n\n\n<p><em>Reda\u00e7\u00e3o: Portal Alerta&nbsp;<\/em><\/p>\n","protected":false},"excerpt":{"rendered":"<p>No in\u00edcio da tarde desta quarta-feira (23), o prefeito de Ribeira do Pombal-BA, Eriksson Silva, anunciou que em reuni\u00e3o com o comandante do Corpo de Bombeiros Militar da Bahia, o Coronel Adson Marchesini, recebeu a confirma\u00e7\u00e3o da instala\u00e7\u00e3o do Sub Grupamento ainda no primeiro semestre do corrente ano.<\/p>\n","protected":false},"author":2,"featured_media":41235,"comment_status":"open","ping_status":"open","sticky":false,"template":"","format":"standard","meta":{"om_disable_all_campaigns":false,"_monsterinsights_skip_tracking":false,"_monsterinsights_sitenote_active":false,"_monsterinsights_sitenote_note":"","_monsterinsights_sitenote_category":0,"footnotes":""},"categories":[70,69,21,32,3,19,22],"tags":[1081,145,47,585,433],"class_list":["post-41224","post","type-post","status-publish","format-standard","has-post-thumbnail","hentry","category-destaques","category-noticias2","category-politica","category-regiao","category-ribeira-do-pombal","category-saude","category-seguranca","tag-corpo-de-bombeiros","tag-prefeitura","tag-ribeira-do-pombal","tag-samu","tag-secretaria-de-saude"],"aioseo_notices":[],"_links":{"self":[{"href":"https:\/\/www.portalalerta.com.br\/index.php\/wp-json\/wp\/v2\/posts\/41224","targetHints":{"allow":["GET"]}}],"collection":[{"href":"https:\/\/www.portalalerta.com.br\/index.php\/wp-json\/wp\/v2\/posts"}],"about":[{"href":"https:\/\/www.portalalerta.com.br\/index.php\/wp-json\/wp\/v2\/types\/post"}],"author":[{"embeddable":true,"href":"https:\/\/www.portalalerta.com.br\/index.php\/wp-json\/wp\/v2\/users\/2"}],"replies":[{"embeddable":true,"href":"https:\/\/www.portalalerta.com.br\/index.php\/wp-json\/wp\/v2\/comments?post=41224"}],"version-history":[{"count":1,"href":"https:\/\/www.portalalerta.com.br\/index.php\/wp-json\/wp\/v2\/posts\/41224\/revisions"}],"predecessor-version":[{"id":41226,"href":"https:\/\/www.portalalerta.com.br\/index.php\/wp-json\/wp\/v2\/posts\/41224\/revisions\/41226"}],"wp:featuredmedia":[{"embeddable":true,"href":"https:\/\/www.portalalerta.com.br\/index.php\/wp-json\/wp\/v2\/media\/41235"}],"wp:attachment":[{"href":"https:\/\/www.portalalerta.com.br\/index.php\/wp-json\/wp\/v2\/media?parent=41224"}],"wp:term":[{"taxonomy":"category","embeddable":true,"href":"https:\/\/www.portalalerta.com.br\/index.php\/wp-json\/wp\/v2\/categories?post=41224"},{"taxonomy":"post_tag","embeddable":true,"href":"https:\/\/www.portalalerta.com.br\/index.php\/wp-json\/wp\/v2\/tags?post=41224"}],"curies":[{"name":"wp","href":"https:\/\/api.w.org\/{rel}","templated":true}]}}