{"id":41227,"date":"2022-02-23T18:02:00","date_gmt":"2022-02-23T21:02:00","guid":{"rendered":"https:\/\/www.portalalerta.com.br\/?p=41227"},"modified":"2022-02-23T16:47:36","modified_gmt":"2022-02-23T19:47:36","slug":"real-time-big-data-acm-neto-lidera-intencoes-de-votos-para-o-governo-da-bahia-veja-numeros","status":"publish","type":"post","link":"https:\/\/www.portalalerta.com.br\/index.php\/2022\/02\/23\/real-time-big-data-acm-neto-lidera-intencoes-de-votos-para-o-governo-da-bahia-veja-numeros\/","title":{"rendered":"Real Time Big Data: ACM Neto lidera inten\u00e7\u00f5es de votos para o governo da Bahia; veja n\u00fameros"},"content":{"rendered":"\n<p>O ex-prefeito ACM Neto (Uni\u00e3o Brasil) lidera nova pesquisa de inten\u00e7\u00e3o de votos para o governo da Bahia. De acordo com o instituto Real Time Big Data, em pesquisa divulgada pela TV Record Itapoan, Neto tem 45% das inten\u00e7\u00f5es de votos, contra 30% de Jaques Wagner (PT), no primeiro cen\u00e1rio estimulado. A pesquisa foi registrada no TSE com o n\u00famero BA-07144\/2022BA-07144\/2022 e ouviu 1.200 pessoas por telefone, com margem de erro de 3% para um intervalo e confian\u00e7a de 95%. Confira os n\u00fameros:<\/p>\n\n\n\n<!--more-->\n\n\n\n<div class=\"wp-block-image\"><figure class=\"alignright size-full is-resized\"><img fetchpriority=\"high\" decoding=\"async\" src=\"https:\/\/www.portalalerta.com.br\/wp-content\/uploads\/2021\/04\/ELAB.jpg\" alt=\"\" class=\"wp-image-34795\" width=\"432\" height=\"345\" srcset=\"https:\/\/www.portalalerta.com.br\/wp-content\/uploads\/2021\/04\/ELAB.jpg 1000w, https:\/\/www.portalalerta.com.br\/wp-content\/uploads\/2021\/04\/ELAB-300x240.jpg 300w, https:\/\/www.portalalerta.com.br\/wp-content\/uploads\/2021\/04\/ELAB-768x614.jpg 768w, https:\/\/www.portalalerta.com.br\/wp-content\/uploads\/2021\/04\/ELAB-183x146.jpg 183w, https:\/\/www.portalalerta.com.br\/wp-content\/uploads\/2021\/04\/ELAB-50x40.jpg 50w, https:\/\/www.portalalerta.com.br\/wp-content\/uploads\/2021\/04\/ELAB-94x75.jpg 94w\" sizes=\"(max-width: 432px) 100vw, 432px\" \/><\/figure><\/div>\n\n\n\n<p><strong>Cen\u00e1rio 1 (estimulado)<\/strong><\/p>\n\n\n\n<p>ACM Neto (Uni\u00e3o Brasil) \u2013 45%<br>Jaques Wagner (PT) \u2013 30%<br>Jo\u00e3o Roma (Republicanos) \u2013 9%<br>Bernadete (PSOL) \u2013 5%<br>Branco \/ Nulo \u2013 7%<br>N\u00e3o sabe \u2013 4%<\/p>\n\n\n\n<p><strong>Cen\u00e1rio 2 (estimulado)<\/strong><\/p>\n\n\n\n<p>ACM Neto (Uni\u00e3o Brasil) \u2013 48%<br>Otto Alencar (PSD) \u2013 17%<br>Jo\u00e3o Roma (Republicanos) \u2013 10%<br>Bernadete (PSOL) \u2013 7%<br>Branco \/ Nulo \u2013 10%<br>N\u00e3o sabe \u2013 8%<\/p>\n\n\n\n<p><em>Fonte: Pol\u00edtica Livre<\/em><\/p>\n","protected":false},"excerpt":{"rendered":"<p>O ex-prefeito ACM Neto (Uni\u00e3o Brasil) lidera nova pesquisa de inten\u00e7\u00e3o de votos para o governo da Bahia. De acordo com o instituto Real Time Big Data, em pesquisa divulgada pela TV Record Itapoan, Neto tem 45% das inten\u00e7\u00f5es de votos, contra 30% de Jaques Wagner (PT), no primeiro cen\u00e1rio estimulado. A pesquisa foi registrada &hellip;<\/p>\n","protected":false},"author":2,"featured_media":41228,"comment_status":"open","ping_status":"open","sticky":false,"template":"","format":"standard","meta":{"om_disable_all_campaigns":false,"_monsterinsights_skip_tracking":false,"_monsterinsights_sitenote_active":false,"_monsterinsights_sitenote_note":"","_monsterinsights_sitenote_category":0,"footnotes":""},"categories":[33,70,69,21],"tags":[722,54,3181,614,673,335],"class_list":["post-41227","post","type-post","status-publish","format-standard","has-post-thumbnail","hentry","category-bahia","category-destaques","category-noticias2","category-politica","tag-acm-neto","tag-bahia","tag-eleicoes-2022","tag-jaques-wagner","tag-otto-alencar","tag-pesquisa"],"aioseo_notices":[],"_links":{"self":[{"href":"https:\/\/www.portalalerta.com.br\/index.php\/wp-json\/wp\/v2\/posts\/41227","targetHints":{"allow":["GET"]}}],"collection":[{"href":"https:\/\/www.portalalerta.com.br\/index.php\/wp-json\/wp\/v2\/posts"}],"about":[{"href":"https:\/\/www.portalalerta.com.br\/index.php\/wp-json\/wp\/v2\/types\/post"}],"author":[{"embeddable":true,"href":"https:\/\/www.portalalerta.com.br\/index.php\/wp-json\/wp\/v2\/users\/2"}],"replies":[{"embeddable":true,"href":"https:\/\/www.portalalerta.com.br\/index.php\/wp-json\/wp\/v2\/comments?post=41227"}],"version-history":[{"count":1,"href":"https:\/\/www.portalalerta.com.br\/index.php\/wp-json\/wp\/v2\/posts\/41227\/revisions"}],"predecessor-version":[{"id":41229,"href":"https:\/\/www.portalalerta.com.br\/index.php\/wp-json\/wp\/v2\/posts\/41227\/revisions\/41229"}],"wp:featuredmedia":[{"embeddable":true,"href":"https:\/\/www.portalalerta.com.br\/index.php\/wp-json\/wp\/v2\/media\/41228"}],"wp:attachment":[{"href":"https:\/\/www.portalalerta.com.br\/index.php\/wp-json\/wp\/v2\/media?parent=41227"}],"wp:term":[{"taxonomy":"category","embeddable":true,"href":"https:\/\/www.portalalerta.com.br\/index.php\/wp-json\/wp\/v2\/categories?post=41227"},{"taxonomy":"post_tag","embeddable":true,"href":"https:\/\/www.portalalerta.com.br\/index.php\/wp-json\/wp\/v2\/tags?post=41227"}],"curies":[{"name":"wp","href":"https:\/\/api.w.org\/{rel}","templated":true}]}}