{"id":41230,"date":"2022-02-23T18:03:00","date_gmt":"2022-02-23T21:03:00","guid":{"rendered":"https:\/\/www.portalalerta.com.br\/?p=41230"},"modified":"2022-02-23T18:42:56","modified_gmt":"2022-02-23T21:42:56","slug":"pombalense-esta-entre-os-foragidos-da-carceragem-de-euclides-da-cunha-ba","status":"publish","type":"post","link":"https:\/\/www.portalalerta.com.br\/index.php\/2022\/02\/23\/pombalense-esta-entre-os-foragidos-da-carceragem-de-euclides-da-cunha-ba\/","title":{"rendered":"Pombalense est\u00e1 entre os foragidos da Carceragem de Euclides da Cunha-BA"},"content":{"rendered":"\n<p>Dois presos fugiram da carceragem do Complexo Policial de Euclides da Cunha-BA, na madrugada desta quarta-feira (23).<\/p>\n\n\n\n<!--more-->\n\n\n\n<p>Segundo informa\u00e7\u00f5es, a dupla que \u00e9 considerada de alta periculosidade, teria feito um buraco na cela onde estava custodiada, dando acesso \u00e1rea externa do complexo.<\/p>\n\n\n\n<div class=\"wp-block-image\"><figure class=\"aligncenter size-full\"><img fetchpriority=\"high\" decoding=\"async\" width=\"720\" height=\"181\" src=\"https:\/\/www.portalalerta.com.br\/wp-content\/uploads\/2018\/02\/Auto-Escola-Nobre.jpg\" alt=\"\" class=\"wp-image-4869\" srcset=\"https:\/\/www.portalalerta.com.br\/wp-content\/uploads\/2018\/02\/Auto-Escola-Nobre.jpg 720w, https:\/\/www.portalalerta.com.br\/wp-content\/uploads\/2018\/02\/Auto-Escola-Nobre-260x65.jpg 260w, https:\/\/www.portalalerta.com.br\/wp-content\/uploads\/2018\/02\/Auto-Escola-Nobre-50x13.jpg 50w, https:\/\/www.portalalerta.com.br\/wp-content\/uploads\/2018\/02\/Auto-Escola-Nobre-150x38.jpg 150w\" sizes=\"(max-width: 720px) 100vw, 720px\" \/><\/figure><\/div>\n\n\n\n<p>Um dos presos foi identificado como Jos\u00e9 Antonio Alves de Souza Junior, acusado de cometer uma tentativa de homic\u00eddio em Canudos-BA. J\u00e1 o outro, \u00e9 o pombalense Jos\u00e9 Messias dos Santos, preso recentemente, acusado de cometer um homic\u00eddio no povoado Tapera, em Ribeira do Pombal-BA (<strong><a href=\"https:\/\/www.portalalerta.com.br\/index.php\/2022\/02\/13\/acusado-de-cometer-homicidio-em-ribeira-do-pombal-ba-e-preso-em-euclides-da-cunha-ba\/\">Relembre<\/a><\/strong>).<\/p>\n\n\n\n<div class=\"wp-block-image\"><figure class=\"aligncenter size-full\"><img decoding=\"async\" width=\"500\" height=\"444\" src=\"https:\/\/www.portalalerta.com.br\/wp-content\/uploads\/2022\/02\/foragidos-de-Euclides-da-Cunha-2022.jpg\" alt=\"\" class=\"wp-image-41232\" srcset=\"https:\/\/www.portalalerta.com.br\/wp-content\/uploads\/2022\/02\/foragidos-de-Euclides-da-Cunha-2022.jpg 500w, https:\/\/www.portalalerta.com.br\/wp-content\/uploads\/2022\/02\/foragidos-de-Euclides-da-Cunha-2022-270x240.jpg 270w, https:\/\/www.portalalerta.com.br\/wp-content\/uploads\/2022\/02\/foragidos-de-Euclides-da-Cunha-2022-164x146.jpg 164w, https:\/\/www.portalalerta.com.br\/wp-content\/uploads\/2022\/02\/foragidos-de-Euclides-da-Cunha-2022-50x44.jpg 50w, https:\/\/www.portalalerta.com.br\/wp-content\/uploads\/2022\/02\/foragidos-de-Euclides-da-Cunha-2022-84x75.jpg 84w\" sizes=\"(max-width: 500px) 100vw, 500px\" \/><figcaption>Jos\u00e9 Antonio (Esquerda), e Jos\u00e9 Messias (Direita)<\/figcaption><\/figure><\/div>\n\n\n\n<p>A Pol\u00edcia Civil j\u00e1 iniciou as buscas, e caso algu\u00e9m saiba o paradeiro dos mesmos, pode manter contato atrav\u00e9s do n\u00famero: 75-99979-9040.<\/p>\n\n\n\n<p><em>Reda\u00e7\u00e3o: Portal Alerta<\/em><\/p>\n","protected":false},"excerpt":{"rendered":"<p>Dois presos fugiram da carceragem do Complexo Policial de Euclides da Cunha-BA, na madrugada desta quarta-feira (23).<\/p>\n","protected":false},"author":2,"featured_media":15607,"comment_status":"open","ping_status":"open","sticky":false,"template":"","format":"standard","meta":{"om_disable_all_campaigns":false,"_monsterinsights_skip_tracking":false,"_monsterinsights_sitenote_active":false,"_monsterinsights_sitenote_note":"","_monsterinsights_sitenote_category":0,"footnotes":""},"categories":[70,17,69,32,3,22],"tags":[129,1350,5255,122],"class_list":["post-41230","post","type-post","status-publish","format-standard","has-post-thumbnail","hentry","category-destaques","category-euclides-da-cunha","category-noticias2","category-regiao","category-ribeira-do-pombal","category-seguranca","tag-euclides-da-cunha","tag-foragidos","tag-fuga-de-presos","tag-policia-civil"],"aioseo_notices":[],"_links":{"self":[{"href":"https:\/\/www.portalalerta.com.br\/index.php\/wp-json\/wp\/v2\/posts\/41230","targetHints":{"allow":["GET"]}}],"collection":[{"href":"https:\/\/www.portalalerta.com.br\/index.php\/wp-json\/wp\/v2\/posts"}],"about":[{"href":"https:\/\/www.portalalerta.com.br\/index.php\/wp-json\/wp\/v2\/types\/post"}],"author":[{"embeddable":true,"href":"https:\/\/www.portalalerta.com.br\/index.php\/wp-json\/wp\/v2\/users\/2"}],"replies":[{"embeddable":true,"href":"https:\/\/www.portalalerta.com.br\/index.php\/wp-json\/wp\/v2\/comments?post=41230"}],"version-history":[{"count":2,"href":"https:\/\/www.portalalerta.com.br\/index.php\/wp-json\/wp\/v2\/posts\/41230\/revisions"}],"predecessor-version":[{"id":41234,"href":"https:\/\/www.portalalerta.com.br\/index.php\/wp-json\/wp\/v2\/posts\/41230\/revisions\/41234"}],"wp:featuredmedia":[{"embeddable":true,"href":"https:\/\/www.portalalerta.com.br\/index.php\/wp-json\/wp\/v2\/media\/15607"}],"wp:attachment":[{"href":"https:\/\/www.portalalerta.com.br\/index.php\/wp-json\/wp\/v2\/media?parent=41230"}],"wp:term":[{"taxonomy":"category","embeddable":true,"href":"https:\/\/www.portalalerta.com.br\/index.php\/wp-json\/wp\/v2\/categories?post=41230"},{"taxonomy":"post_tag","embeddable":true,"href":"https:\/\/www.portalalerta.com.br\/index.php\/wp-json\/wp\/v2\/tags?post=41230"}],"curies":[{"name":"wp","href":"https:\/\/api.w.org\/{rel}","templated":true}]}}