{"id":41251,"date":"2022-02-25T14:51:21","date_gmt":"2022-02-25T17:51:21","guid":{"rendered":"https:\/\/www.portalalerta.com.br\/?p=41251"},"modified":"2022-02-25T14:51:24","modified_gmt":"2022-02-25T17:51:24","slug":"policia-militar-de-euclides-da-cunha-ba-recupera-moto-proveniente-de-furto","status":"publish","type":"post","link":"https:\/\/www.portalalerta.com.br\/index.php\/2022\/02\/25\/policia-militar-de-euclides-da-cunha-ba-recupera-moto-proveniente-de-furto\/","title":{"rendered":"Pol\u00edcia Militar de Euclides da Cunha-BA recupera moto proveniente de furto"},"content":{"rendered":"\n<p>Uma motocicleta de modelo Honda Titan 150, que havia sido furtada no dia 11 de janeiro do ocorrente ano, no Povoado Aribic\u00e9, em Euclides da Cunha-BA, foi objeto de recupera\u00e7\u00e3o da guarni\u00e7\u00e3o da 1a Companhia da Pol\u00edcia Militar da cidade.<\/p>\n\n\n\n<!--more-->\n\n\n\n<p>A a\u00e7\u00e3o policial ocorreu na tarde desta quarta-feira (23) ap\u00f3s o recebimento de um informe pelo disque-den\u00fancia sobre um ve\u00edculo abandonado pr\u00f3ximo ao Bairro Populares.<\/p>\n\n\n\n<p>A moto foi encontrada com a pintura adulterada na cor azul. Ap\u00f3s o seu recolhimento, a mesma foi conduzida e apresentada na Delegacia de Pol\u00edcia Civil.<\/p>\n\n\n\n<p><em>Fonte: R\u00e1dio Povo<\/em><\/p>\n\n\n\n<p><em>Com informa\u00e7\u00f5es: Sert\u00e3o em Pauta<\/em><\/p>\n","protected":false},"excerpt":{"rendered":"<p>Uma motocicleta de modelo Honda Titan 150, que havia sido furtada no dia 11 de janeiro do ocorrente ano, no Povoado Aribic\u00e9, em Euclides da Cunha-BA, foi objeto de recupera\u00e7\u00e3o da guarni\u00e7\u00e3o da 1a Companhia da Pol\u00edcia Militar da cidade.<\/p>\n","protected":false},"author":2,"featured_media":41252,"comment_status":"open","ping_status":"open","sticky":false,"template":"","format":"standard","meta":{"om_disable_all_campaigns":false,"_monsterinsights_skip_tracking":false,"_monsterinsights_sitenote_active":false,"_monsterinsights_sitenote_note":"","_monsterinsights_sitenote_category":0,"footnotes":""},"categories":[70,17,69,32,22],"tags":[129,1531,79,102],"class_list":["post-41251","post","type-post","status-publish","format-standard","has-post-thumbnail","hentry","category-destaques","category-euclides-da-cunha","category-noticias2","category-regiao","category-seguranca","tag-euclides-da-cunha","tag-furto-de-moto","tag-policia-militar","tag-veiculo-recuperado"],"aioseo_notices":[],"_links":{"self":[{"href":"https:\/\/www.portalalerta.com.br\/index.php\/wp-json\/wp\/v2\/posts\/41251","targetHints":{"allow":["GET"]}}],"collection":[{"href":"https:\/\/www.portalalerta.com.br\/index.php\/wp-json\/wp\/v2\/posts"}],"about":[{"href":"https:\/\/www.portalalerta.com.br\/index.php\/wp-json\/wp\/v2\/types\/post"}],"author":[{"embeddable":true,"href":"https:\/\/www.portalalerta.com.br\/index.php\/wp-json\/wp\/v2\/users\/2"}],"replies":[{"embeddable":true,"href":"https:\/\/www.portalalerta.com.br\/index.php\/wp-json\/wp\/v2\/comments?post=41251"}],"version-history":[{"count":1,"href":"https:\/\/www.portalalerta.com.br\/index.php\/wp-json\/wp\/v2\/posts\/41251\/revisions"}],"predecessor-version":[{"id":41253,"href":"https:\/\/www.portalalerta.com.br\/index.php\/wp-json\/wp\/v2\/posts\/41251\/revisions\/41253"}],"wp:featuredmedia":[{"embeddable":true,"href":"https:\/\/www.portalalerta.com.br\/index.php\/wp-json\/wp\/v2\/media\/41252"}],"wp:attachment":[{"href":"https:\/\/www.portalalerta.com.br\/index.php\/wp-json\/wp\/v2\/media?parent=41251"}],"wp:term":[{"taxonomy":"category","embeddable":true,"href":"https:\/\/www.portalalerta.com.br\/index.php\/wp-json\/wp\/v2\/categories?post=41251"},{"taxonomy":"post_tag","embeddable":true,"href":"https:\/\/www.portalalerta.com.br\/index.php\/wp-json\/wp\/v2\/tags?post=41251"}],"curies":[{"name":"wp","href":"https:\/\/api.w.org\/{rel}","templated":true}]}}