{"id":41314,"date":"2022-03-01T07:02:00","date_gmt":"2022-03-01T10:02:00","guid":{"rendered":"https:\/\/www.portalalerta.com.br\/?p=41314"},"modified":"2022-02-28T23:56:35","modified_gmt":"2022-03-01T02:56:35","slug":"bahia-aumenta-limite-de-publico-em-eventos-para-3-mil-pessoas-a-partir-de-marco","status":"publish","type":"post","link":"https:\/\/www.portalalerta.com.br\/index.php\/2022\/03\/01\/bahia-aumenta-limite-de-publico-em-eventos-para-3-mil-pessoas-a-partir-de-marco\/","title":{"rendered":"Bahia aumenta limite de p\u00fablico em eventos para 3 mil pessoas a partir de mar\u00e7o"},"content":{"rendered":"\n<p>A partir do m\u00eas de mar\u00e7o todos os eventos na Bahia poder\u00e3o ter p\u00fablico de at\u00e9 3 mil pessoas. A decis\u00e3o foi publicada na edi\u00e7\u00e3o deste s\u00e1bado (26) do Di\u00e1rio Oficial do Estado e tem validade inicial para o per\u00edodo de 3 a 14 de mar\u00e7o.<\/p>\n\n\n\n<!--more-->\n\n\n\n<div class=\"wp-block-image\"><figure class=\"aligncenter size-full\"><img fetchpriority=\"high\" decoding=\"async\" width=\"720\" height=\"181\" src=\"https:\/\/www.portalalerta.com.br\/wp-content\/uploads\/2018\/02\/Auto-Escola-Nobre.jpg\" alt=\"\" class=\"wp-image-4869\" srcset=\"https:\/\/www.portalalerta.com.br\/wp-content\/uploads\/2018\/02\/Auto-Escola-Nobre.jpg 720w, https:\/\/www.portalalerta.com.br\/wp-content\/uploads\/2018\/02\/Auto-Escola-Nobre-260x65.jpg 260w, https:\/\/www.portalalerta.com.br\/wp-content\/uploads\/2018\/02\/Auto-Escola-Nobre-50x13.jpg 50w, https:\/\/www.portalalerta.com.br\/wp-content\/uploads\/2018\/02\/Auto-Escola-Nobre-150x38.jpg 150w\" sizes=\"(max-width: 720px) 100vw, 720px\" \/><\/figure><\/div>\n\n\n\n<p>A medida afeta shows, casamentos, feiras, congressos, cinema, teatro, formaturas, passeatas, parques de divers\u00e3o, museus, eventos urbanos e rurais, e todos os demais eventos p\u00fablicos ou privados que contam com carga de p\u00fablico.<br><br>As mudan\u00e7as fazem com que os eventos em espa\u00e7os fechados e com capacidade inferior a 3 mil pessoas possam funcionar em capacidade plena. Al\u00e9m disso, os est\u00e1dios estar\u00e3o autorizados a receber um p\u00fablico de at\u00e9 30% do limite m\u00e1ximo de ocupa\u00e7\u00e3o.<br><br>Em todos os casos, o acesso aos locais s\u00f3 ocorrer\u00e1 mediante apresenta\u00e7\u00e3o do comprovante de vacina\u00e7\u00e3o contra a Covid-19, que \u00e9 obrigat\u00f3rio. Al\u00e9m disso, \u00e9 necess\u00e1rio respeitar os protocolos sanit\u00e1rios, como o uso de m\u00e1scara.<\/p>\n\n\n\n<p><em>Fonte: Cleriston Silva<\/em><\/p>\n","protected":false},"excerpt":{"rendered":"<p>A partir do m\u00eas de mar\u00e7o todos os eventos na Bahia poder\u00e3o ter p\u00fablico de at\u00e9 3 mil pessoas. A decis\u00e3o foi publicada na edi\u00e7\u00e3o deste s\u00e1bado (26) do Di\u00e1rio Oficial do Estado e tem validade inicial para o per\u00edodo de 3 a 14 de mar\u00e7o.<\/p>\n","protected":false},"author":2,"featured_media":9971,"comment_status":"open","ping_status":"open","sticky":false,"template":"","format":"standard","meta":{"om_disable_all_campaigns":false,"_monsterinsights_skip_tracking":false,"_monsterinsights_sitenote_active":false,"_monsterinsights_sitenote_note":"","_monsterinsights_sitenote_category":0,"footnotes":""},"categories":[33,70,36,69,19],"tags":[54,3503,3919,1202,66,4119],"class_list":["post-41314","post","type-post","status-publish","format-standard","has-post-thumbnail","hentry","category-bahia","category-destaques","category-lazer","category-noticias2","category-saude","tag-bahia","tag-decreto-estadual","tag-eventos","tag-festas","tag-lazer","tag-shows"],"aioseo_notices":[],"_links":{"self":[{"href":"https:\/\/www.portalalerta.com.br\/index.php\/wp-json\/wp\/v2\/posts\/41314","targetHints":{"allow":["GET"]}}],"collection":[{"href":"https:\/\/www.portalalerta.com.br\/index.php\/wp-json\/wp\/v2\/posts"}],"about":[{"href":"https:\/\/www.portalalerta.com.br\/index.php\/wp-json\/wp\/v2\/types\/post"}],"author":[{"embeddable":true,"href":"https:\/\/www.portalalerta.com.br\/index.php\/wp-json\/wp\/v2\/users\/2"}],"replies":[{"embeddable":true,"href":"https:\/\/www.portalalerta.com.br\/index.php\/wp-json\/wp\/v2\/comments?post=41314"}],"version-history":[{"count":1,"href":"https:\/\/www.portalalerta.com.br\/index.php\/wp-json\/wp\/v2\/posts\/41314\/revisions"}],"predecessor-version":[{"id":41315,"href":"https:\/\/www.portalalerta.com.br\/index.php\/wp-json\/wp\/v2\/posts\/41314\/revisions\/41315"}],"wp:featuredmedia":[{"embeddable":true,"href":"https:\/\/www.portalalerta.com.br\/index.php\/wp-json\/wp\/v2\/media\/9971"}],"wp:attachment":[{"href":"https:\/\/www.portalalerta.com.br\/index.php\/wp-json\/wp\/v2\/media?parent=41314"}],"wp:term":[{"taxonomy":"category","embeddable":true,"href":"https:\/\/www.portalalerta.com.br\/index.php\/wp-json\/wp\/v2\/categories?post=41314"},{"taxonomy":"post_tag","embeddable":true,"href":"https:\/\/www.portalalerta.com.br\/index.php\/wp-json\/wp\/v2\/tags?post=41314"}],"curies":[{"name":"wp","href":"https:\/\/api.w.org\/{rel}","templated":true}]}}