{"id":41316,"date":"2022-03-01T11:07:25","date_gmt":"2022-03-01T14:07:25","guid":{"rendered":"https:\/\/www.portalalerta.com.br\/?p=41316"},"modified":"2022-03-01T11:10:51","modified_gmt":"2022-03-01T14:10:51","slug":"jovem-morre-em-confronto-com-a-policia-em-ribeira-do-pombal-ba","status":"publish","type":"post","link":"https:\/\/www.portalalerta.com.br\/index.php\/2022\/03\/01\/jovem-morre-em-confronto-com-a-policia-em-ribeira-do-pombal-ba\/","title":{"rendered":"Jovem morre em confronto com a pol\u00edcia em Ribeira do Pombal-BA"},"content":{"rendered":"\n<p>Mais uma a\u00e7\u00e3o policial terminou com uma morte em Ribeira do Pombal-BA. Desta vez o fato aconteceu na Av. Nossa Senhora Aparecida, zona Sul da cidade,<\/p>\n\n\n\n<!--more-->\n\n\n\n<div class=\"wp-block-image\"><figure class=\"alignleft size-large is-resized\"><img fetchpriority=\"high\" decoding=\"async\" src=\"https:\/\/www.portalalerta.com.br\/wp-content\/uploads\/2021\/10\/Cred-Real-1024x1024.jpeg\" alt=\"\" class=\"wp-image-38729\" width=\"346\" height=\"346\" srcset=\"https:\/\/www.portalalerta.com.br\/wp-content\/uploads\/2021\/10\/Cred-Real-1024x1024.jpeg 1024w, https:\/\/www.portalalerta.com.br\/wp-content\/uploads\/2021\/10\/Cred-Real-240x240.jpeg 240w, https:\/\/www.portalalerta.com.br\/wp-content\/uploads\/2021\/10\/Cred-Real-768x768.jpeg 768w, https:\/\/www.portalalerta.com.br\/wp-content\/uploads\/2021\/10\/Cred-Real-1536x1536.jpeg 1536w, https:\/\/www.portalalerta.com.br\/wp-content\/uploads\/2021\/10\/Cred-Real-146x146.jpeg 146w, https:\/\/www.portalalerta.com.br\/wp-content\/uploads\/2021\/10\/Cred-Real-50x50.jpeg 50w, https:\/\/www.portalalerta.com.br\/wp-content\/uploads\/2021\/10\/Cred-Real-75x75.jpeg 75w, https:\/\/www.portalalerta.com.br\/wp-content\/uploads\/2021\/10\/Cred-Real-85x85.jpeg 85w, https:\/\/www.portalalerta.com.br\/wp-content\/uploads\/2021\/10\/Cred-Real-80x80.jpeg 80w, https:\/\/www.portalalerta.com.br\/wp-content\/uploads\/2021\/10\/Cred-Real.jpeg 1920w\" sizes=\"(max-width: 346px) 100vw, 346px\" \/><\/figure><\/div>\n\n\n\n<p>De acordo com informa\u00e7\u00f5es preliminares, nesta segunda-feira (28), policiais militares da CIPE Nordeste, que tentavam prender criminosos na regi\u00e3o, foram surpreendidos por disparos de arma de fogo, originando um confronto. Na ocasi\u00e3o, um criminoso conseguiu fugir, possivelmente baleado, j\u00e1 o outro, identificado como Igor Santana Silva, 22 anos, n\u00e3o teve a mesma sorte, e evoluiu a \u00f3bito.<\/p>\n\n\n\n<p>Igor chegou a ser socorrido para o Hospital Geral Santa Tereza, por\u00e9m n\u00e3o resistiu aos ferimentos. At\u00e9 o fechamento desta mat\u00e9ria, a CIPE Nordeste n\u00e3o havia divulgado detalhes da opera\u00e7\u00e3o.<\/p>\n\n\n\n<div class=\"wp-block-image\"><figure class=\"aligncenter size-full\"><img decoding=\"async\" width=\"500\" height=\"417\" src=\"https:\/\/www.portalalerta.com.br\/wp-content\/uploads\/2022\/03\/confronto-em-Ribeira-do-Pombal-2022.2.jpeg\" alt=\"\" class=\"wp-image-41317\" srcset=\"https:\/\/www.portalalerta.com.br\/wp-content\/uploads\/2022\/03\/confronto-em-Ribeira-do-Pombal-2022.2.jpeg 500w, https:\/\/www.portalalerta.com.br\/wp-content\/uploads\/2022\/03\/confronto-em-Ribeira-do-Pombal-2022.2-288x240.jpeg 288w, https:\/\/www.portalalerta.com.br\/wp-content\/uploads\/2022\/03\/confronto-em-Ribeira-do-Pombal-2022.2-175x146.jpeg 175w, https:\/\/www.portalalerta.com.br\/wp-content\/uploads\/2022\/03\/confronto-em-Ribeira-do-Pombal-2022.2-50x42.jpeg 50w, https:\/\/www.portalalerta.com.br\/wp-content\/uploads\/2022\/03\/confronto-em-Ribeira-do-Pombal-2022.2-90x75.jpeg 90w\" sizes=\"(max-width: 500px) 100vw, 500px\" \/><figcaption>Igor chegou a ser socorrido para o Hospital, mas n\u00e3o resistiu <\/figcaption><\/figure><\/div>\n\n\n\n<p><em>Reda\u00e7\u00e3o: Portal Alerta<\/em><\/p>\n\n\n\n<p><em>Imagem Capa: Ilustrativa<\/em><\/p>\n","protected":false},"excerpt":{"rendered":"<p>Mais uma a\u00e7\u00e3o policial terminou com uma morte em Ribeira do Pombal-BA. Desta vez o fato aconteceu na Av. Nossa Senhora Aparecida, zona Sul da cidade,<\/p>\n","protected":false},"author":2,"featured_media":20148,"comment_status":"open","ping_status":"open","sticky":false,"template":"","format":"standard","meta":{"om_disable_all_campaigns":false,"_monsterinsights_skip_tracking":false,"_monsterinsights_sitenote_active":false,"_monsterinsights_sitenote_note":"","_monsterinsights_sitenote_category":0,"footnotes":""},"categories":[70,69,32,3,22],"tags":[167,178,169,79,47],"class_list":["post-41316","post","type-post","status-publish","format-standard","has-post-thumbnail","hentry","category-destaques","category-noticias2","category-regiao","category-ribeira-do-pombal","category-seguranca","tag-cipe-nordeste","tag-confronto","tag-morte","tag-policia-militar","tag-ribeira-do-pombal"],"aioseo_notices":[],"_links":{"self":[{"href":"https:\/\/www.portalalerta.com.br\/index.php\/wp-json\/wp\/v2\/posts\/41316","targetHints":{"allow":["GET"]}}],"collection":[{"href":"https:\/\/www.portalalerta.com.br\/index.php\/wp-json\/wp\/v2\/posts"}],"about":[{"href":"https:\/\/www.portalalerta.com.br\/index.php\/wp-json\/wp\/v2\/types\/post"}],"author":[{"embeddable":true,"href":"https:\/\/www.portalalerta.com.br\/index.php\/wp-json\/wp\/v2\/users\/2"}],"replies":[{"embeddable":true,"href":"https:\/\/www.portalalerta.com.br\/index.php\/wp-json\/wp\/v2\/comments?post=41316"}],"version-history":[{"count":2,"href":"https:\/\/www.portalalerta.com.br\/index.php\/wp-json\/wp\/v2\/posts\/41316\/revisions"}],"predecessor-version":[{"id":41319,"href":"https:\/\/www.portalalerta.com.br\/index.php\/wp-json\/wp\/v2\/posts\/41316\/revisions\/41319"}],"wp:featuredmedia":[{"embeddable":true,"href":"https:\/\/www.portalalerta.com.br\/index.php\/wp-json\/wp\/v2\/media\/20148"}],"wp:attachment":[{"href":"https:\/\/www.portalalerta.com.br\/index.php\/wp-json\/wp\/v2\/media?parent=41316"}],"wp:term":[{"taxonomy":"category","embeddable":true,"href":"https:\/\/www.portalalerta.com.br\/index.php\/wp-json\/wp\/v2\/categories?post=41316"},{"taxonomy":"post_tag","embeddable":true,"href":"https:\/\/www.portalalerta.com.br\/index.php\/wp-json\/wp\/v2\/tags?post=41316"}],"curies":[{"name":"wp","href":"https:\/\/api.w.org\/{rel}","templated":true}]}}