{"id":41320,"date":"2022-03-01T19:00:00","date_gmt":"2022-03-01T22:00:00","guid":{"rendered":"https:\/\/www.portalalerta.com.br\/?p=41320"},"modified":"2022-03-01T16:45:18","modified_gmt":"2022-03-01T19:45:18","slug":"apos-erros-putin-prepara-ataque-mais-destrutivo-contra-a-ucrania","status":"publish","type":"post","link":"https:\/\/www.portalalerta.com.br\/index.php\/2022\/03\/01\/apos-erros-putin-prepara-ataque-mais-destrutivo-contra-a-ucrania\/","title":{"rendered":"Ap\u00f3s erros, Putin prepara ataque mais destrutivo contra a Ucr\u00e2nia"},"content":{"rendered":"\n<p>O ex\u00e9rcito russo se prepara para uma etapa mais destrutiva no sexto dia de invas\u00e3o \u00e0 Ucr\u00e2nia, segundo informa\u00e7\u00f5es da Folha de S.Paulo. A decis\u00e3o acontece ap\u00f3s Vladimir Putin enfrentar problemas log\u00edsticos e violar o manual das invas\u00f5es militares.<\/p>\n\n\n\n<!--more-->\n\n\n\n<p>A intensifica\u00e7\u00e3o do\u00a0bombardeio sobre Kharkiv, a segunda maior cidade do pa\u00eds, e o avan\u00e7o do comboio em dire\u00e7\u00e3o \u00e0 capital Kiev s\u00e3o um s\u00edmbolo dessa mudan\u00e7a de posicionamento da R\u00fassia.<\/p>\n\n\n\n<p>Apesar de alguns momentos de \u00eaxito, a resist\u00eancia ucraniana dever\u00e1 ter problemas caso esse avan\u00e7o mais destrutivo se concretize. \u201cEles parecem ter derivado mais de erros de Moscou do que de sua qualidade t\u00e9cnica intr\u00ednseca\u201d, explica o jornalista Igor Gielow.<\/p>\n\n\n\n<p><strong>Analista russo<\/strong><\/p>\n\n\n\n<p>Em novembro de 2020, ap\u00f3s a derrota da Arm\u00eania na guerra contra o Azerbaij\u00e3o, o ent\u00e3o analista militar russo Konstantin Makienko, falecido no ano passado, escreveu um texto sobre um eventual conflito entre R\u00fassia e Ucr\u00e2nia.<\/p>\n\n\n\n<p><strong><em>&#8220;A principal li\u00e7\u00e3o que Moscou deve tirar da trag\u00e9dia \u00e9 nunca subestimar o inimigo. Reina aqui uma atitude condescendente e ir\u00f4nica em rela\u00e7\u00e3o ao ex\u00e9rcito ucraniano&#8221;<\/em><\/strong>, ponderou.<\/p>\n\n\n\n<p>Na \u00e9poca, Makienko fez uma ressalva sobre o poder b\u00e9lico dos vizinhos do leste europeu. <strong><em>&#8220;Os militares ucranianos j\u00e1 possuem sistemas de armas que os russos n\u00e3o possuem. M\u00edsseis antitanque de terceira gera\u00e7\u00e3o e drones kamikaze. E, em breve, os drones turcos Bayraktar-TB2&#8221;<\/em><\/strong>, analisou \u00e0 \u00e9poca.<\/p>\n\n\n\n<p><strong>Tropas russas e separatistas se unem no mar de Azov<\/strong><\/p>\n\n\n\n<p>Tropas russas e for\u00e7as separatistas pr\u00f3-R\u00fassia no leste da Ucr\u00e2nia conseguiram se unir na estrat\u00e9gica zona litor\u00e2nea do Mar de Azov, declarou o porta-voz do Minist\u00e9rio da Defesa russo, Igor Konashenkov.<\/p>\n\n\n\n<p>For\u00e7as do territ\u00f3rio separatista de Donetsk <strong><em>&#8220;se somaram \u00e0s unidades militares das For\u00e7as Armadas da Federa\u00e7\u00e3o Russa, que assumiram o controle das zonas ucranianas ao longo do Mar de Azov&#8221;<\/em><\/strong>, informa um comunicado russo.<\/p>\n\n\n\n<p><em>Fonte: Yahoo Not\u00edcias<\/em><\/p>\n","protected":false},"excerpt":{"rendered":"<p>O ex\u00e9rcito russo se prepara para uma etapa mais destrutiva no sexto dia de invas\u00e3o \u00e0 Ucr\u00e2nia, segundo informa\u00e7\u00f5es da Folha de S.Paulo. A decis\u00e3o acontece ap\u00f3s Vladimir Putin enfrentar problemas log\u00edsticos e violar o manual das invas\u00f5es militares.<\/p>\n","protected":false},"author":2,"featured_media":31035,"comment_status":"open","ping_status":"open","sticky":false,"template":"","format":"standard","meta":{"om_disable_all_campaigns":false,"_monsterinsights_skip_tracking":false,"_monsterinsights_sitenote_active":false,"_monsterinsights_sitenote_note":"","_monsterinsights_sitenote_category":0,"footnotes":""},"categories":[70,35,69],"tags":[835,339,826,3331,3932],"class_list":["post-41320","post","type-post","status-publish","format-standard","has-post-thumbnail","hentry","category-destaques","category-mundo","category-noticias2","tag-guerra","tag-mundo","tag-russia","tag-ucrania","tag-vladimir-putin"],"aioseo_notices":[],"_links":{"self":[{"href":"https:\/\/www.portalalerta.com.br\/index.php\/wp-json\/wp\/v2\/posts\/41320","targetHints":{"allow":["GET"]}}],"collection":[{"href":"https:\/\/www.portalalerta.com.br\/index.php\/wp-json\/wp\/v2\/posts"}],"about":[{"href":"https:\/\/www.portalalerta.com.br\/index.php\/wp-json\/wp\/v2\/types\/post"}],"author":[{"embeddable":true,"href":"https:\/\/www.portalalerta.com.br\/index.php\/wp-json\/wp\/v2\/users\/2"}],"replies":[{"embeddable":true,"href":"https:\/\/www.portalalerta.com.br\/index.php\/wp-json\/wp\/v2\/comments?post=41320"}],"version-history":[{"count":1,"href":"https:\/\/www.portalalerta.com.br\/index.php\/wp-json\/wp\/v2\/posts\/41320\/revisions"}],"predecessor-version":[{"id":41321,"href":"https:\/\/www.portalalerta.com.br\/index.php\/wp-json\/wp\/v2\/posts\/41320\/revisions\/41321"}],"wp:featuredmedia":[{"embeddable":true,"href":"https:\/\/www.portalalerta.com.br\/index.php\/wp-json\/wp\/v2\/media\/31035"}],"wp:attachment":[{"href":"https:\/\/www.portalalerta.com.br\/index.php\/wp-json\/wp\/v2\/media?parent=41320"}],"wp:term":[{"taxonomy":"category","embeddable":true,"href":"https:\/\/www.portalalerta.com.br\/index.php\/wp-json\/wp\/v2\/categories?post=41320"},{"taxonomy":"post_tag","embeddable":true,"href":"https:\/\/www.portalalerta.com.br\/index.php\/wp-json\/wp\/v2\/tags?post=41320"}],"curies":[{"name":"wp","href":"https:\/\/api.w.org\/{rel}","templated":true}]}}