{"id":41322,"date":"2022-03-01T19:01:00","date_gmt":"2022-03-01T22:01:00","guid":{"rendered":"https:\/\/www.portalalerta.com.br\/?p=41322"},"modified":"2022-03-01T16:50:17","modified_gmt":"2022-03-01T19:50:17","slug":"acusado-de-cometer-estupro-de-vulneravel-em-sao-paulo-e-preso-em-euclides-da-cunha-ba","status":"publish","type":"post","link":"https:\/\/www.portalalerta.com.br\/index.php\/2022\/03\/01\/acusado-de-cometer-estupro-de-vulneravel-em-sao-paulo-e-preso-em-euclides-da-cunha-ba\/","title":{"rendered":"Acusado de cometer estupro de vulner\u00e1vel em S\u00e3o Paulo, \u00e9 preso em Euclides da Cunha-BA"},"content":{"rendered":"\n<p>Por volta das 22hs da \u00faltima segunda-feira (28), policiais civis de Euclides da Cunha-BA cumpriram um mandado de pris\u00e3o em desfavor de um homem acusado de ter cometido o crime de estupro de vulner\u00e1vel em S\u00e3o Paulo-SP, fato ocorrido em 2016.<\/p>\n\n\n\n<!--more-->\n\n\n\n<div class=\"wp-block-image\"><figure class=\"aligncenter size-full\"><img fetchpriority=\"high\" decoding=\"async\" width=\"720\" height=\"181\" src=\"https:\/\/www.portalalerta.com.br\/wp-content\/uploads\/2018\/02\/Auto-Escola-Nobre.jpg\" alt=\"\" class=\"wp-image-4869\" srcset=\"https:\/\/www.portalalerta.com.br\/wp-content\/uploads\/2018\/02\/Auto-Escola-Nobre.jpg 720w, https:\/\/www.portalalerta.com.br\/wp-content\/uploads\/2018\/02\/Auto-Escola-Nobre-260x65.jpg 260w, https:\/\/www.portalalerta.com.br\/wp-content\/uploads\/2018\/02\/Auto-Escola-Nobre-50x13.jpg 50w, https:\/\/www.portalalerta.com.br\/wp-content\/uploads\/2018\/02\/Auto-Escola-Nobre-150x38.jpg 150w\" sizes=\"(max-width: 720px) 100vw, 720px\" \/><\/figure><\/div>\n\n\n\n<p>De acordo com informa\u00e7\u00f5es, o homem identificado pelas iniciais M.V de O, hoje com 25 anos, teria fugido para a Bahia, e desde 2019 estava residindo em Quijingue-BA, sua cidade natal. J\u00e1 na \u00faltima segunda-feira, os investigadores o reconheceram, quando o mesmo se encontrava em Euclides da Cunha, efetuando assim a pris\u00e3o.<\/p>\n\n\n\n<p>Na sequ\u00eancia, o agora capturado, foi conduzido e apresentado na carceragem do Complexo Policial da cidade, onde se encontra custodiado \u00e0 disposi\u00e7\u00e3o da justi\u00e7a paulista.<\/p>\n\n\n\n<p><em>Reda\u00e7\u00e3o: Portal Alerta<\/em><\/p>\n","protected":false},"excerpt":{"rendered":"<p>Por volta das 22hs da \u00faltima segunda-feira (28), policiais civis de Euclides da Cunha-BA cumpriram um mandado de pris\u00e3o em desfavor de um homem acusado de ter cometido o crime de estupro de vulner\u00e1vel em S\u00e3o Paulo-SP, fato ocorrido em 2016.<\/p>\n","protected":false},"author":2,"featured_media":16137,"comment_status":"open","ping_status":"open","sticky":false,"template":"","format":"standard","meta":{"om_disable_all_campaigns":false,"_monsterinsights_skip_tracking":false,"_monsterinsights_sitenote_active":false,"_monsterinsights_sitenote_note":"","_monsterinsights_sitenote_category":0,"footnotes":""},"categories":[34,70,17,69,32,22],"tags":[557,438,129,488,122,77,404],"class_list":["post-41322","post","type-post","status-publish","format-standard","has-post-thumbnail","hentry","category-brasil","category-destaques","category-euclides-da-cunha","category-noticias2","category-regiao","category-seguranca","tag-25a-coorpin","tag-estupro-de-vulneravel","tag-euclides-da-cunha","tag-mandado-de-prisao","tag-policia-civil","tag-preso","tag-sao-paulo"],"aioseo_notices":[],"_links":{"self":[{"href":"https:\/\/www.portalalerta.com.br\/index.php\/wp-json\/wp\/v2\/posts\/41322","targetHints":{"allow":["GET"]}}],"collection":[{"href":"https:\/\/www.portalalerta.com.br\/index.php\/wp-json\/wp\/v2\/posts"}],"about":[{"href":"https:\/\/www.portalalerta.com.br\/index.php\/wp-json\/wp\/v2\/types\/post"}],"author":[{"embeddable":true,"href":"https:\/\/www.portalalerta.com.br\/index.php\/wp-json\/wp\/v2\/users\/2"}],"replies":[{"embeddable":true,"href":"https:\/\/www.portalalerta.com.br\/index.php\/wp-json\/wp\/v2\/comments?post=41322"}],"version-history":[{"count":1,"href":"https:\/\/www.portalalerta.com.br\/index.php\/wp-json\/wp\/v2\/posts\/41322\/revisions"}],"predecessor-version":[{"id":41323,"href":"https:\/\/www.portalalerta.com.br\/index.php\/wp-json\/wp\/v2\/posts\/41322\/revisions\/41323"}],"wp:featuredmedia":[{"embeddable":true,"href":"https:\/\/www.portalalerta.com.br\/index.php\/wp-json\/wp\/v2\/media\/16137"}],"wp:attachment":[{"href":"https:\/\/www.portalalerta.com.br\/index.php\/wp-json\/wp\/v2\/media?parent=41322"}],"wp:term":[{"taxonomy":"category","embeddable":true,"href":"https:\/\/www.portalalerta.com.br\/index.php\/wp-json\/wp\/v2\/categories?post=41322"},{"taxonomy":"post_tag","embeddable":true,"href":"https:\/\/www.portalalerta.com.br\/index.php\/wp-json\/wp\/v2\/tags?post=41322"}],"curies":[{"name":"wp","href":"https:\/\/api.w.org\/{rel}","templated":true}]}}