{"id":41324,"date":"2022-03-01T19:02:00","date_gmt":"2022-03-01T22:02:00","guid":{"rendered":"https:\/\/www.portalalerta.com.br\/?p=41324"},"modified":"2022-03-01T16:59:06","modified_gmt":"2022-03-01T19:59:06","slug":"medicos-suspeitam-que-paulinha-abelha-morreu-por-uso-excessivo-de-remedios-e-chas-para-emagrecer","status":"publish","type":"post","link":"https:\/\/www.portalalerta.com.br\/index.php\/2022\/03\/01\/medicos-suspeitam-que-paulinha-abelha-morreu-por-uso-excessivo-de-remedios-e-chas-para-emagrecer\/","title":{"rendered":"M\u00e9dicos suspeitam que Paulinha Abelha morreu por uso excessivo de rem\u00e9dios e ch\u00e1s para emagrecer"},"content":{"rendered":"\n<p>A causa da indisposi\u00e7\u00e3o que levou Paulinha Abelha a ser internada no dia 11 de fevereiro com um quadro de insufici\u00eancia renal, que se desdobrou em um problema sist\u00eamico e a levou \u00e0 morte na quarta-feira (23), apenas 12 dias depois, continuar\u00e1 sendo investigado pelos m\u00e9dicos do Hospital Primavera, em Aracaju. Alguns resultados ainda est\u00e3o sendo esperados para se fechar um diagn\u00f3stico, mas a exist\u00eancia de um comprometimento renal anterior pelo uso abusivo de rem\u00e9dios e ch\u00e1s para emagrecer, al\u00e9m de diur\u00e9ticos, est\u00e1 no topo da lista. Paulinha teve dois vel\u00f3rios, um em Aracaju e outro em sua cidade natal, Sim\u00e3o Dias, onde foi enterrada na \u00faltima sexta-feira (25).<\/p>\n\n\n\n<!--more-->\n\n\n\n<div class=\"wp-block-image\"><figure class=\"alignleft size-full is-resized\"><img fetchpriority=\"high\" decoding=\"async\" src=\"https:\/\/www.portalalerta.com.br\/wp-content\/uploads\/2021\/04\/ELAB.jpg\" alt=\"\" class=\"wp-image-34795\" width=\"438\" height=\"350\" srcset=\"https:\/\/www.portalalerta.com.br\/wp-content\/uploads\/2021\/04\/ELAB.jpg 1000w, https:\/\/www.portalalerta.com.br\/wp-content\/uploads\/2021\/04\/ELAB-300x240.jpg 300w, https:\/\/www.portalalerta.com.br\/wp-content\/uploads\/2021\/04\/ELAB-768x614.jpg 768w, https:\/\/www.portalalerta.com.br\/wp-content\/uploads\/2021\/04\/ELAB-183x146.jpg 183w, https:\/\/www.portalalerta.com.br\/wp-content\/uploads\/2021\/04\/ELAB-50x40.jpg 50w, https:\/\/www.portalalerta.com.br\/wp-content\/uploads\/2021\/04\/ELAB-94x75.jpg 94w\" sizes=\"(max-width: 438px) 100vw, 438px\" \/><\/figure><\/div>\n\n\n\n<p>Segundo fontes pr\u00f3ximas \u00e0 equipe, os m\u00e9dicos ficaram muito impressionados com a rapidez com que o quadro de sa\u00fade da cantora da banda Calcinha Preta foi piorando. <strong><em>\u201cEles disseram que nunca viram nada igual\u201d<\/em><\/strong>, contou um funcion\u00e1rio do hospital, que acompanhou o esfor\u00e7o dos m\u00e9dicos para manter a cantora viva. <strong><em>\u201cA situa\u00e7\u00e3o dela \u00e9 um dia de cada vez. Nosso interesse \u00e9 mant\u00ea-la viva, e n\u00e3o tem sido uma miss\u00e3o f\u00e1cil. O nosso compromisso \u00e9 de manuten\u00e7\u00e3o da vida\u201d<\/em><\/strong>, disse o neurologista Marcos Aur\u00e9lio Alves na coletiva concedida na v\u00e9spera da morte de Paulinha.<\/p>\n\n\n\n<p>A vocalista da banda de forr\u00f3 foi internada com enjoo, v\u00f4mito e dor na hora de urinar. O quadro foi tratado como problema renal. Depois ela teve uma inflama\u00e7\u00e3o no f\u00edgado que, posteriormente, atingiu a membrana que reveste o c\u00e9rebro, o que \u00e9 denominado pelos m\u00e9dicos como encefalite. Isso a levou a um estado de coma grau 3 na escala de Glasgow, o que significa quadro neurol\u00f3gico grave. Paulinha teve que fazer di\u00e1lise para filtrar o sangue e eliminar toxinas do organismo. Segundo nota do hospital, ela morreu <strong><em>\u201cem decorr\u00eancia de um quadro de comprometimento multissist\u00eamico\u201d<\/em><\/strong>.<\/p>\n\n\n\n<p><em>Fonte: Sim\u00e3o Dias Como eu Vejo<\/em><\/p>\n","protected":false},"excerpt":{"rendered":"<p>A causa da indisposi\u00e7\u00e3o que levou Paulinha Abelha a ser internada no dia 11 de fevereiro com um quadro de insufici\u00eancia renal, que se desdobrou em um problema sist\u00eamico e a levou \u00e0 morte na quarta-feira (23), apenas 12 dias depois, continuar\u00e1 sendo investigado pelos m\u00e9dicos do Hospital Primavera, em Aracaju. Alguns resultados ainda est\u00e3o &hellip;<\/p>\n","protected":false},"author":2,"featured_media":41325,"comment_status":"open","ping_status":"open","sticky":false,"template":"","format":"standard","meta":{"om_disable_all_campaigns":false,"_monsterinsights_skip_tracking":false,"_monsterinsights_sitenote_active":false,"_monsterinsights_sitenote_note":"","_monsterinsights_sitenote_category":0,"footnotes":""},"categories":[34,70,69],"tags":[93,1690,169,5256],"class_list":["post-41324","post","type-post","status-publish","format-standard","has-post-thumbnail","hentry","category-brasil","category-destaques","category-noticias2","tag-brasil","tag-medicos","tag-morte","tag-paulinha-abelha"],"aioseo_notices":[],"_links":{"self":[{"href":"https:\/\/www.portalalerta.com.br\/index.php\/wp-json\/wp\/v2\/posts\/41324","targetHints":{"allow":["GET"]}}],"collection":[{"href":"https:\/\/www.portalalerta.com.br\/index.php\/wp-json\/wp\/v2\/posts"}],"about":[{"href":"https:\/\/www.portalalerta.com.br\/index.php\/wp-json\/wp\/v2\/types\/post"}],"author":[{"embeddable":true,"href":"https:\/\/www.portalalerta.com.br\/index.php\/wp-json\/wp\/v2\/users\/2"}],"replies":[{"embeddable":true,"href":"https:\/\/www.portalalerta.com.br\/index.php\/wp-json\/wp\/v2\/comments?post=41324"}],"version-history":[{"count":1,"href":"https:\/\/www.portalalerta.com.br\/index.php\/wp-json\/wp\/v2\/posts\/41324\/revisions"}],"predecessor-version":[{"id":41326,"href":"https:\/\/www.portalalerta.com.br\/index.php\/wp-json\/wp\/v2\/posts\/41324\/revisions\/41326"}],"wp:featuredmedia":[{"embeddable":true,"href":"https:\/\/www.portalalerta.com.br\/index.php\/wp-json\/wp\/v2\/media\/41325"}],"wp:attachment":[{"href":"https:\/\/www.portalalerta.com.br\/index.php\/wp-json\/wp\/v2\/media?parent=41324"}],"wp:term":[{"taxonomy":"category","embeddable":true,"href":"https:\/\/www.portalalerta.com.br\/index.php\/wp-json\/wp\/v2\/categories?post=41324"},{"taxonomy":"post_tag","embeddable":true,"href":"https:\/\/www.portalalerta.com.br\/index.php\/wp-json\/wp\/v2\/tags?post=41324"}],"curies":[{"name":"wp","href":"https:\/\/api.w.org\/{rel}","templated":true}]}}