{"id":41327,"date":"2022-03-01T19:03:00","date_gmt":"2022-03-01T22:03:00","guid":{"rendered":"https:\/\/www.portalalerta.com.br\/?p=41327"},"modified":"2022-03-01T17:09:51","modified_gmt":"2022-03-01T20:09:51","slug":"juiz-manda-a-juri-popular-motoboy-que-matou-travesti-banzaeense-em-araci-ba","status":"publish","type":"post","link":"https:\/\/www.portalalerta.com.br\/index.php\/2022\/03\/01\/juiz-manda-a-juri-popular-motoboy-que-matou-travesti-banzaeense-em-araci-ba\/","title":{"rendered":"Juiz manda a j\u00fari popular motoboy que matou travesti Banzaeense, em Araci-BA"},"content":{"rendered":"\n<p>Um motoboy de Araci-BA vai a j\u00fari popular sob acusa\u00e7\u00e3o de matar uma travesti. A decis\u00e3o foi tomada pelo juiz Jos\u00e9 Brand\u00e3o Netto, da Comarca local, que acolheu a den\u00fancia do Minist\u00e9rio P\u00fablico do Estado (MP-BA). O crime ocorreu na madrugada do dia 12 de fevereiro passado [<strong><a rel=\"noreferrer noopener\" href=\"https:\/\/www.portalalerta.com.br\/index.php\/2021\/02\/13\/travesti-oriundo-de-banzae-ba-e-assassinado-em-araci-ba-criminoso-foi-preso\/\" target=\"_blank\">relembre aqui<\/a><\/strong>]. Segundo a acusa\u00e7\u00e3o, Elialdo Santos de Oliveira matou a golpes de faca Fl\u00e1vio Alves de Souza, conhecida como Eshiley, ap\u00f3s uma briga depois de o acusado contratar a v\u00edtima para um programa.<\/p>\n\n\n\n<!--more-->\n\n\n\n<div class=\"wp-block-image\"><figure class=\"alignleft size-large is-resized\"><img fetchpriority=\"high\" decoding=\"async\" src=\"https:\/\/www.portalalerta.com.br\/wp-content\/uploads\/2021\/10\/Cred-Real-1024x1024.jpeg\" alt=\"\" class=\"wp-image-38729\" width=\"374\" height=\"374\" srcset=\"https:\/\/www.portalalerta.com.br\/wp-content\/uploads\/2021\/10\/Cred-Real-1024x1024.jpeg 1024w, https:\/\/www.portalalerta.com.br\/wp-content\/uploads\/2021\/10\/Cred-Real-240x240.jpeg 240w, https:\/\/www.portalalerta.com.br\/wp-content\/uploads\/2021\/10\/Cred-Real-768x768.jpeg 768w, https:\/\/www.portalalerta.com.br\/wp-content\/uploads\/2021\/10\/Cred-Real-1536x1536.jpeg 1536w, https:\/\/www.portalalerta.com.br\/wp-content\/uploads\/2021\/10\/Cred-Real-146x146.jpeg 146w, https:\/\/www.portalalerta.com.br\/wp-content\/uploads\/2021\/10\/Cred-Real-50x50.jpeg 50w, https:\/\/www.portalalerta.com.br\/wp-content\/uploads\/2021\/10\/Cred-Real-75x75.jpeg 75w, https:\/\/www.portalalerta.com.br\/wp-content\/uploads\/2021\/10\/Cred-Real-85x85.jpeg 85w, https:\/\/www.portalalerta.com.br\/wp-content\/uploads\/2021\/10\/Cred-Real-80x80.jpeg 80w, https:\/\/www.portalalerta.com.br\/wp-content\/uploads\/2021\/10\/Cred-Real.jpeg 1920w\" sizes=\"(max-width: 374px) 100vw, 374px\" \/><\/figure><\/div>\n\n\n\n<p><strong><em>&#8220;A v\u00edtima era travesti, fazia programas sexuais e no dia do fato o denunciado a contratou para um programa. O denunciado chegou ao local onde a v\u00edtima estava na motocicleta Modelo YBR Placa HFL 5850 e, ap\u00f3s negocia\u00e7\u00e3o, seguiram juntos ao Motel Alian\u00e7a. J\u00e1 no motel, v\u00edtima e denunciado discutiram em raz\u00e3o de discord\u00e2ncia quanto ao pre\u00e7o do programa. Ap\u00f3s a discuss\u00e3o, o denunciado foi \u00e0 sua resid\u00eancia, pegou a faca peixeira, retornou ao local onde a v\u00edtima estava e desferiu golpes com a arma, causando-lhe a morte&#8221;<\/em><\/strong>, narra o MP.<br><br>Interrogado, o motoboy disse que cometeu o crime porque se sentiu enganado, j\u00e1 que teria pensado que a v\u00edtima era mulher, situa\u00e7\u00e3o que, segundo ele, s\u00f3 descobriu no quarto do motel. O motoboy, que segue preso, se tornou r\u00e9u acusado de homic\u00eddio qualificado. Cabe recurso da decis\u00e3o.<\/p>\n\n\n\n<div class=\"wp-block-image\"><figure class=\"aligncenter size-full\"><img decoding=\"async\" width=\"500\" height=\"350\" src=\"https:\/\/www.portalalerta.com.br\/wp-content\/uploads\/2022\/03\/homicidio-em-Araci-2021.1.1.jpg\" alt=\"\" class=\"wp-image-41328\" srcset=\"https:\/\/www.portalalerta.com.br\/wp-content\/uploads\/2022\/03\/homicidio-em-Araci-2021.1.1.jpg 500w, https:\/\/www.portalalerta.com.br\/wp-content\/uploads\/2022\/03\/homicidio-em-Araci-2021.1.1-343x240.jpg 343w, https:\/\/www.portalalerta.com.br\/wp-content\/uploads\/2022\/03\/homicidio-em-Araci-2021.1.1-209x146.jpg 209w, https:\/\/www.portalalerta.com.br\/wp-content\/uploads\/2022\/03\/homicidio-em-Araci-2021.1.1-50x35.jpg 50w, https:\/\/www.portalalerta.com.br\/wp-content\/uploads\/2022\/03\/homicidio-em-Araci-2021.1.1-107x75.jpg 107w\" sizes=\"(max-width: 500px) 100vw, 500px\" \/><figcaption>Elialdo (esquerda), e Fl\u00e1vio (direita) <\/figcaption><\/figure><\/div>\n\n\n\n<p><em>Fonte: Cleriston Silva<\/em><\/p>\n","protected":false},"excerpt":{"rendered":"<p>Um motoboy de Araci-BA vai a j\u00fari popular sob acusa\u00e7\u00e3o de matar uma travesti. A decis\u00e3o foi tomada pelo juiz Jos\u00e9 Brand\u00e3o Netto, da Comarca local, que acolheu a den\u00fancia do Minist\u00e9rio P\u00fablico do Estado (MP-BA). O crime ocorreu na madrugada do dia 12 de fevereiro passado [relembre aqui]. Segundo a acusa\u00e7\u00e3o, Elialdo Santos de &hellip;<\/p>\n","protected":false},"author":2,"featured_media":41329,"comment_status":"open","ping_status":"open","sticky":false,"template":"","format":"standard","meta":{"om_disable_all_campaigns":false,"_monsterinsights_skip_tracking":false,"_monsterinsights_sitenote_active":false,"_monsterinsights_sitenote_note":"","_monsterinsights_sitenote_category":0,"footnotes":""},"categories":[41,39,70,69,32,22],"tags":[48,4179,837,5260],"class_list":["post-41327","post","type-post","status-publish","format-standard","has-post-thumbnail","hentry","category-araci","category-banzae","category-destaques","category-noticias2","category-regiao","category-seguranca","tag-araci","tag-banzae-2","tag-juri-popular","tag-travesti"],"aioseo_notices":[],"_links":{"self":[{"href":"https:\/\/www.portalalerta.com.br\/index.php\/wp-json\/wp\/v2\/posts\/41327","targetHints":{"allow":["GET"]}}],"collection":[{"href":"https:\/\/www.portalalerta.com.br\/index.php\/wp-json\/wp\/v2\/posts"}],"about":[{"href":"https:\/\/www.portalalerta.com.br\/index.php\/wp-json\/wp\/v2\/types\/post"}],"author":[{"embeddable":true,"href":"https:\/\/www.portalalerta.com.br\/index.php\/wp-json\/wp\/v2\/users\/2"}],"replies":[{"embeddable":true,"href":"https:\/\/www.portalalerta.com.br\/index.php\/wp-json\/wp\/v2\/comments?post=41327"}],"version-history":[{"count":1,"href":"https:\/\/www.portalalerta.com.br\/index.php\/wp-json\/wp\/v2\/posts\/41327\/revisions"}],"predecessor-version":[{"id":41330,"href":"https:\/\/www.portalalerta.com.br\/index.php\/wp-json\/wp\/v2\/posts\/41327\/revisions\/41330"}],"wp:featuredmedia":[{"embeddable":true,"href":"https:\/\/www.portalalerta.com.br\/index.php\/wp-json\/wp\/v2\/media\/41329"}],"wp:attachment":[{"href":"https:\/\/www.portalalerta.com.br\/index.php\/wp-json\/wp\/v2\/media?parent=41327"}],"wp:term":[{"taxonomy":"category","embeddable":true,"href":"https:\/\/www.portalalerta.com.br\/index.php\/wp-json\/wp\/v2\/categories?post=41327"},{"taxonomy":"post_tag","embeddable":true,"href":"https:\/\/www.portalalerta.com.br\/index.php\/wp-json\/wp\/v2\/tags?post=41327"}],"curies":[{"name":"wp","href":"https:\/\/api.w.org\/{rel}","templated":true}]}}