{"id":41331,"date":"2022-03-02T09:43:42","date_gmt":"2022-03-02T12:43:42","guid":{"rendered":"https:\/\/www.portalalerta.com.br\/?p=41331"},"modified":"2022-03-02T09:43:44","modified_gmt":"2022-03-02T12:43:44","slug":"qual-o-papel-da-otan-no-confronto-entre-russia-e-ucrania","status":"publish","type":"post","link":"https:\/\/www.portalalerta.com.br\/index.php\/2022\/03\/02\/qual-o-papel-da-otan-no-confronto-entre-russia-e-ucrania\/","title":{"rendered":"Qual o papel da Otan no confronto entre R\u00fassia e Ucr\u00e2nia?"},"content":{"rendered":"\n<p>A invas\u00e3o russa \u00e0 Ucr\u00e2nia tem como um de seus principais panos de fundo os temores da R\u00fassia com o avan\u00e7o da Otan (Organiza\u00e7\u00e3o do Tratado do Atl\u00e2ntico Norte) no leste da Europa.<\/p>\n\n\n\n<!--more-->\n\n\n\n<p>Desde o fim da Uni\u00e3o Sovi\u00e9tica (URSS), em 1991, a alian\u00e7a militar encabe\u00e7ada por Estados Unidos e Europa incorporou 13 pa\u00edses da regi\u00e3o aos seus membros, entre eles as ex-rep\u00fablicas sovi\u00e9ticas Est\u00f4nia, Litu\u00e2nia e Let\u00f4nia.<\/p>\n\n\n\n<p>A Ucr\u00e2nia \u00e9 atualmente um <strong>&#8220;pa\u00eds-associado&#8221;<\/strong> \u00e0 Otan, o que significa que pode se unir \u00e0 organiza\u00e7\u00e3o no futuro.<\/p>\n\n\n\n<p>Para o governo russo, a inclus\u00e3o de seus vizinhos na alian\u00e7a \u00e9 uma tentativa dos americanos e das pot\u00eancias europeias de cercar seu territ\u00f3rio, o que configuraria uma amea\u00e7a \u00e0 R\u00fassia. <strong><em>&#8220;Para os EUA e seus aliados, \u00e9 a chamada pol\u00edtica de deten\u00e7\u00e3o da R\u00fassia, com \u00f3bvios dividendos pol\u00edticos. E para nosso pa\u00eds, \u00e9 uma quest\u00e3o de vida ou morte, \u00e9 uma quest\u00e3o do nosso futuro hist\u00f3rico como povo. N\u00e3o \u00e9 exagero. \u00c9 uma amea\u00e7a real n\u00e3o s\u00f3 aos nossos interesses, mas \u00e0 pr\u00f3pria exist\u00eancia do nosso Estado e sua soberania&#8221;<\/em><\/strong>, disse Putin ao anunciar a invas\u00e3o da Ucr\u00e2nia em 24\/02.<\/p>\n\n\n\n<p>E para tentar conter o que classifica como amea\u00e7a, Putin vem exigindo ao longo dos \u00faltimos anos que a Otan cesse suas atividades militares no leste da Europa e forne\u00e7a garantias de que a Ucr\u00e2nia n\u00e3o ser\u00e1 aceita na organiza\u00e7\u00e3o.<\/p>\n\n\n\n<p>Mas afinal, qual a responsabilidade da Otan na atual invas\u00e3o da Ucr\u00e2nia pela R\u00fassia? A expans\u00e3o da alian\u00e7a militar pelos pa\u00edses do antigo bloco comunista ajudou a manter a paz (como diz oficialmente) ou est\u00e1 justamente na raiz da guerra que vemos hoje?<\/p>\n\n\n\n<p>Putin costuma repetir que a Otan \u00e9 <strong><em>&#8220;apenas um instrumento da pol\u00edtica externa dos EUA&#8221;<\/em><\/strong>, pa\u00eds com o maior poderio militar do mundo. Por outro lado, a organiza\u00e7\u00e3o ressalta que todas as suas decis\u00f5es s\u00e3o negociadas e tomadas por consenso entre os seus 30 membros.<\/p>\n\n\n\n<p>A BBC News Brasil consultou especialistas de diversas vertentes em busca de contexto e an\u00e1lises variadas num debate que contrap\u00f5e vis\u00f5es de mundo bastante opostas.<\/p>\n\n\n\n<p><strong>Quais os objetivos da Otan?<\/strong><\/p>\n\n\n\n<p>Em primeiro lugar, \u00e9 preciso lembrar que a Otan foi criada em 1949 por 12 pa\u00edses, entre eles EUA, Canad\u00e1, Reino Unido e Fran\u00e7a, justamente com o objetivo de conter o avan\u00e7o da ent\u00e3o Uni\u00e3o Sovi\u00e9tica.<\/p>\n\n\n\n<p>Os membros da alian\u00e7a t\u00eam o compromisso de se defender mutuamente em caso de ataque armado contra qualquer um deles.<\/p>\n\n\n\n<p>A Segunda Guerra Mundial acabara quatro anos antes, e os sovi\u00e9ticos que haviam ajudado a derrotar a Alemanha nazista emergiam, principalmente por quest\u00f5es ideol\u00f3gicas, como o maior advers\u00e1rio da Europa Ocidental e dos Estados Unidos.<\/p>\n\n\n\n<p>Ou seja, a alian\u00e7a militar nasceu de uma rivalidade com a R\u00fassia, o principal pa\u00eds-membro da URSS, numa oposi\u00e7\u00e3o entre dois campos: o capitalista e o comunista.<\/p>\n\n\n\n<p>Em 1955, a Alemanha, antiga inimiga na guerra, entrou para a organiza\u00e7\u00e3o. No mesmo ano, os sovi\u00e9ticos criaram sua pr\u00f3pria alian\u00e7a militar, o Pacto de Vars\u00f3via, com outros pa\u00edses do Leste Europeu de orienta\u00e7\u00e3o comunista.<\/p>\n\n\n\n<p>A organiza\u00e7\u00e3o do bloco comunista se manteve de p\u00e9 at\u00e9 1991, quando a URSS entrou em colapso ap\u00f3s o fim da Guerra Fria e uma R\u00fassia enfraquecida emergiu como herdeira pol\u00edtica.<\/p>\n\n\n\n<p>Naquele momento, chegou-se a discutir uma nova arquitetura de seguran\u00e7a mundial que inclu\u00edsse a R\u00fassia. A Otan chegou, inclusive, a assinar acordos de coopera\u00e7\u00e3o com a R\u00fassia durante as d\u00e9cadas de 1990 e 2000, mas a parceria foi aos poucos se deteriorando por conta de diverg\u00eancias entre os membros. Os russos tamb\u00e9m tentaram entrar para a Otan, sem sucesso.<\/p>\n\n\n\n<p><strong><em>&#8220;Depois da Guerra Fria, houve conversas e negocia\u00e7\u00f5es para parcerias, mas a Otan \u00e9 uma alian\u00e7a constru\u00edda com base na confian\u00e7a e nos valores comuns \u2014 e a R\u00fassia nunca teve um momento realmente democr\u00e1tico na sua hist\u00f3ria moderna&#8221;<\/em><\/strong>, diz o analista americano Bruce Jones, diretor do Projeto sobre Ordem Internacional e Estrat\u00e9gia do think tank Brookings Institution.<\/p>\n\n\n\n<p><strong><em>&#8220;Havia desafios sist\u00eamicos e psicol\u00f3gicos intranspon\u00edveis para a ades\u00e3o da R\u00fassia \u00e0 Otan, entre eles a falta de confian\u00e7a das for\u00e7as militares dos membros da alian\u00e7a em rela\u00e7\u00e3o \u00e0 Moscou, que herdou muito de seu arsenal e procedimentos operacionais da URSS&#8221;<\/em><\/strong>, diz Mikhail Troitskiy, professor da Universidade Mgimo e especialista em rela\u00e7\u00f5es internacionais de Moscou.<\/p>\n\n\n\n<p>O fim da URSS, por sua vez, deu in\u00edcio a um processo de conquista de independ\u00eancia dos pa\u00edses do Leste Europeu e, ao longo dos anos, quase todos os membros do antigo Pacto de Vars\u00f3via entraram para a Otan.<\/p>\n\n\n\n<p>Para Putin, a Otan serve como instrumento da pol\u00edtica externa americana e exemplo da forte influ\u00eancia que o pa\u00eds exerce sobre seus aliados. <strong><em>&#8220;Todos os seus pa\u00edses-sat\u00e9lites n\u00e3o s\u00f3 concordam com eles sempre que podem como tamb\u00e9m copiam o comportamento deles e aceitam com admira\u00e7\u00e3o as regras impostas.&#8221;<\/em><\/strong><\/p>\n\n\n\n<p>Os EUA e a Alemanha s\u00e3o os pa\u00edses que mais contribuem financeiramente com a organiza\u00e7\u00e3o (16% do or\u00e7amento total cada), mas a Otan ressalta que todas as decis\u00f5es da alian\u00e7a s\u00e3o tomadas em conjunto e por consenso de todos os seus 30 membros. <strong><em>&#8220;Decis\u00f5es por consenso significam que n\u00e3o h\u00e1 vota\u00e7\u00e3o na Otan. Consultas s\u00e3o feitas at\u00e9 que se chegue a uma decis\u00e3o aceit\u00e1vel para todos. Algumas vezes alguns pa\u00edses-membros discordam em alguns pontos. Em geral, o processo de negocia\u00e7\u00e3o \u00e9 r\u00e1pido porque seus membros est\u00e3o em contato regularmente e sabem as posi\u00e7\u00f5es dos outros de forma antecipada&#8221;<\/em><\/strong>, afirma a Otan.<\/p>\n\n\n\n<p>Por outro lado, vale lembrar que os EUA s\u00e3o o pa\u00eds mais rico e com o maior poderio militar do mundo. Segundo levantamento do Brookings Institution, os americanos gastam mais anualmente com seguran\u00e7a e defesa do que China, R\u00fassia, Ar\u00e1bia Saudita, Fran\u00e7a, Reino Unido, Alemanha, \u00cdndia e Jap\u00e3o juntos.<\/p>\n\n\n\n<p><strong>Otan avan\u00e7a sobre o Leste Europeu?<\/strong><\/p>\n\n\n\n<p>Para Moscou, a presen\u00e7a da Otan no leste europeu \u00e9 uma das principais amea\u00e7as ao pa\u00eds. Putin afirma que os Estados Unidos e a Europa Ocidental utilizam a alian\u00e7a para cercar a R\u00fassia e quer que a organiza\u00e7\u00e3o cesse suas atividades militares no Leste Europeu.<\/p>\n\n\n\n<p><strong><em>&#8220;A R\u00fassia quer algum tipo de comprometimento por parte da Otan de que a alian\u00e7a n\u00e3o est\u00e1 interessada em recrutar a Ge\u00f3rgia, e mais especialmente a Ucr\u00e2nia, como seus membros&#8221;<\/em><\/strong>, diz Troitskiy.<\/p>\n\n\n\n<p><strong><em>&#8220;De forma mais geral, o governo russo tamb\u00e9m quer que a Otan imponha algum tipo de limite \u00e0 sua pol\u00edtica de portas abertas&#8221;<\/em><\/strong>, afirma o especialista russo, em refer\u00eancia ao Artigo 10\u00ba do tratado, que permite a ades\u00e3o de qualquer pa\u00eds europeu que possa melhorar e contribuir <strong><em>&#8220;para a seguran\u00e7a da regi\u00e3o do Atl\u00e2ntico Norte&#8221;<\/em><\/strong>.<\/p>\n\n\n\n<p>O presidente russo teme ainda que, no caso de uma alian\u00e7a com a Ucr\u00e2nia, a na\u00e7\u00e3o vizinha sirva de base para o eventual lan\u00e7amento de m\u00edsseis contra a R\u00fassia.<\/p>\n\n\n\n<p>Para Alexandre Uehara, coordenador acad\u00eamico do Centro Brasileiro de Estudos de Neg\u00f3cios Internacionais da ESPM, as negocia\u00e7\u00f5es para a entrada da Ucr\u00e2nia na Otan soaram como uma provoca\u00e7\u00e3o para os russos. <strong><em>&#8220;Nesse aspecto, faltou uma maior habilidade para conduzir o processo de forma a evitar qualquer tens\u00e3o&#8221;<\/em><\/strong>, diz. <strong><em>&#8220;Mas, por outro lado, a Otan \u00e9 aberta a qualquer na\u00e7\u00e3o.&#8221;<\/em><\/strong><\/p>\n\n\n\n<p>Em discursos pouco antes da invas\u00e3o ao pa\u00eds vizinho, Putin tamb\u00e9m acusou os EUA e os demais membros da Otan de desprezarem totalmente os interesses russos e ignorarem seus pedidos por provas de que n\u00e3o incorporariam a Ucr\u00e2nia aos seus membros ou expandiriam ainda mais sua presen\u00e7a militar na regi\u00e3o.<\/p>\n\n\n\n<p><strong><em>&#8220;J\u00e1 est\u00e1 claro: as preocupa\u00e7\u00f5es fundamentais da R\u00fassia foram ignoradas&#8221;<\/em><\/strong>, disse Putin em entrevista a jornalistas no in\u00edcio de fevereiro.<\/p>\n\n\n\n<p><strong>Para o l\u00edder russo, a Otan \u00e9<\/strong><\/p>\n\n\n\n<p>A Otan, por sua vez, recha\u00e7a essas afirma\u00e7\u00f5es e diz que s\u00f3 um n\u00famero reduzido de seus Estados-membros compartilha fronteiras com a R\u00fassia, al\u00e9m de sustentar que trata-se de uma alian\u00e7a defensiva, e n\u00e3o ofensiva.<\/p>\n\n\n\n<p>A organiza\u00e7\u00e3o afirma ainda que todos os pa\u00edses do Leste Europeu incorporados como membros solicitaram sua entrada de forma independente, sem qualquer tipo de press\u00e3o por parte dos EUA ou da Europa.<\/p>\n\n\n\n<p><strong><em>&#8220;Estamos preparados para ouvir as preocupa\u00e7\u00f5es da R\u00fassia e travar uma conversa real sobre como defender e refor\u00e7ar os princ\u00edpios fundamentais da seguran\u00e7a europeia com que todos n\u00f3s nos comprometemos, a come\u00e7ar pelos Acordos de Helsinki&#8221;<\/em><\/strong>, disse o secret\u00e1rio-geral da Otan, Jens Stoltenberg, em janeiro, referindo-se aos pactos assinados ap\u00f3s a Guerra Fria para estabelecer uma <strong>&#8220;coexist\u00eancia pac\u00edfica&#8221;<\/strong> entre os blocos comunista e capitalista.<\/p>\n\n\n\n<p><strong><em>&#8220;Isso inclui o direito de cada na\u00e7\u00e3o de escolher seus pr\u00f3prios arranjos de seguran\u00e7a&#8221;<\/em><\/strong>, defendeu.<\/p>\n\n\n\n<p>Para Bruce Jones, entre as raz\u00f5es que levaram os pa\u00edses do Leste Europeu a se juntarem \u00e0 organiza\u00e7\u00e3o esteve justamente o temor de uma invas\u00e3o russa. <strong><em>&#8220;A Otan n\u00e3o recrutou as ex-rep\u00fablicas sovi\u00e9ticas. Muito pelo contr\u00e1rio, esses pa\u00edses se inscreveram para ser parte da alian\u00e7a de maneira efusiva porque n\u00e3o confiam na R\u00fassia&#8221;<\/em><\/strong>, diz.<\/p>\n\n\n\n<p><strong>Qual foi a atua\u00e7\u00e3o da Otan na R\u00fassia e na Ucr\u00e2nia?<\/strong><\/p>\n\n\n\n<p>Quando os ucranianos depuseram o seu presidente pr\u00f3-R\u00fassia no in\u00edcio de 2014, quando ele se recusou a se aproximar da Uni\u00e3o Europeia apesar do apoio popular majorit\u00e1rio, a R\u00fassia anexou a pen\u00ednsula da Crimeia, ao sul da Ucr\u00e2nia. Tamb\u00e9m respaldou separatistas pr\u00f3-R\u00fassia que ocuparam grandes territ\u00f3rios ao leste da Ucr\u00e2nia.<\/p>\n\n\n\n<p>A Otan n\u00e3o interveio, mas respondeu colocando tropas em v\u00e1rios pa\u00edses do Leste Europeu pela primeira vez.<\/p>\n\n\n\n<p>A alian\u00e7a possui quatro grupos de batalha multinacionais do tamanho de um batalh\u00e3o na Est\u00f4nia, Let\u00f4nia, Litu\u00e2nia e Pol\u00f4nia; e uma brigada multinacional na Rom\u00eania.<\/p>\n\n\n\n<p>A Otan tamb\u00e9m ampliou sua vigil\u00e2ncia a\u00e9rea nos pa\u00edses b\u00e1lticos e no leste da Europa para interceptar qualquer avi\u00e3o russo que ultrapasse a fronteira de seus Estados-membros.<\/p>\n\n\n\n<p>A R\u00fassia exige que esse poderio b\u00e9lico seja retirado daquela regi\u00e3o.<\/p>\n\n\n\n<p>Ap\u00f3s a invas\u00e3o \u00e0 Ucr\u00e2nia, os pa\u00edses-membros da Otan concordaram em enviar ajuda militar a Kiev em forma de milhares de armas antitanque e centenas de m\u00edsseis de defesa, bem como muni\u00e7\u00e3o.<\/p>\n\n\n\n<p>Os pa\u00edses da Uni\u00e3o Europeia tamb\u00e9m aprovaram envio de suprimentos de armas no valor de 450 milh\u00f5es de euros (R$ 2,5 bilh\u00f5es) e equipamentos de prote\u00e7\u00e3o no valor de 50 milh\u00f5es de euros (R$ 288 milh\u00f5es), al\u00e9m de um apoio ao Ex\u00e9rcito ucraniano com ca\u00e7as e combust\u00edvel.<\/p>\n\n\n\n<p>Mas a Otan tem repetido que n\u00e3o haver\u00e1 participa\u00e7\u00e3o de soldados da organiza\u00e7\u00e3o no conflito.<\/p>\n\n\n\n<p><strong>A Otan pode ser responsabilizada pela invas\u00e3o \u00e0 Ucr\u00e2nia?<\/strong><\/p>\n\n\n\n<p>Segundo a narrativa defendida pelo Kremlin e seus apoiadores, a invas\u00e3o \u00e0 Ucr\u00e2nia seria uma rea\u00e7\u00e3o \u00e0s a\u00e7\u00f5es tomadas pela pr\u00f3pria Otan contra os interesses russos.<\/p>\n\n\n\n<p>Putin afirma que a alian\u00e7a traiu a R\u00fassia ao quebrar uma promessa feita \u00e0 Uni\u00e3o Sovi\u00e9tica ao fim da Guerra Fria.<\/p>\n\n\n\n<p>Segundo o presidente russo, o secret\u00e1rio de Estado do presidente americano George H. W. Bush, James Baker, teria se comprometido verbalmente a n\u00e3o expandir a influ\u00eancia da Otan pelo Leste Europeu durante discuss\u00f5es em fevereiro de 1990 com o ent\u00e3o l\u00edder sovi\u00e9tico Mikhail Gorbachev. Em troca, a URSS teria que aceitar a unifica\u00e7\u00e3o da Alemanha.<\/p>\n\n\n\n<p>A promessa, por\u00e9m, nunca se tornou um acordo formal. Anos depois, em 2014, Gorbachev negou em uma entrevista que houve um comprometimento formal dos EUA para evitar o avan\u00e7o da Otan.<\/p>\n\n\n\n<p><strong><em>&#8220;O tema da &#8216;expans\u00e3o da Otan&#8217; n\u00e3o foi discutido e n\u00e3o foi abordado naqueles anos&#8221;<\/em><\/strong>, disse ele ao jornal Russia Beyond. <strong><em>&#8220;Uma quest\u00e3o que levantamos e que foi discutida foi garantir que as estruturas militares da Otan n\u00e3o avan\u00e7assem e que for\u00e7as armadas adicionais n\u00e3o fossem implantadas no territ\u00f3rio da ent\u00e3o Rep\u00fablica Democr\u00e1tica Alem\u00e3 ap\u00f3s a reunifica\u00e7\u00e3o. A declara\u00e7\u00e3o de Baker foi feita nesse contexto.&#8221;<\/em><\/strong><\/p>\n\n\n\n<p>No entanto, Gorbachev disse acreditar que, apesar de a expans\u00e3o da Otan n\u00e3o trair promessas concretas, ela desrespeita o esp\u00edrito do que estava sendo acordado naquele momento. <strong><em>&#8220;Foi um grande erro desde o in\u00edcio. Foi definitivamente uma viola\u00e7\u00e3o do esp\u00edrito das declara\u00e7\u00f5es e garantias feitas a n\u00f3s em 1990&#8221;<\/em><\/strong>, disse.<\/p>\n\n\n\n<p>E as cr\u00edticas em rela\u00e7\u00e3o ao avan\u00e7o da Otan n\u00e3o s\u00e3o novidade nem tampouco exclusividade de vozes russas. George Kennan, um dos diplomatas americanos mais influentes no per\u00edodo de oposi\u00e7\u00e3o \u00e0 URSS, classificou a expans\u00e3o da Otan na Europa Central como <strong><em>&#8220;o erro mais fat\u00eddico da pol\u00edtica americana em toda a era p\u00f3s-Guerra Fria&#8221;<\/em><\/strong>.<\/p>\n\n\n\n<p>Em um artigo publicado no jornal The New York Times em 1997, ele afirmou que a amplia\u00e7\u00e3o rumo ao leste inflamaria tend\u00eancias nacionalistas e militaristas entre os russos e poderia afetar o pr\u00f3prio desenvolvimento da democracia na R\u00fassia. N\u00e3o seria, portanto, a maneira mais inteligente de lidar com um imp\u00e9rio humilhado ap\u00f3s sua dissolu\u00e7\u00e3o e detentor do maior arsenal nuclear do mundo.<\/p>\n\n\n\n<p>Para Mikhail Troitskiy, da Universidade Mgimo, a resist\u00eancia dos membros da alian\u00e7a em rela\u00e7\u00e3o aos interesses russos levou a uma insatisfa\u00e7\u00e3o cada vez maior no Kremlin. <strong><em>&#8220;A relut\u00e2ncia da Otan em considerar as demandas de Moscou sobre a ades\u00e3o da Ucr\u00e2nia e o fim da pol\u00edtica de expans\u00e3o da alian\u00e7a irritaram a R\u00fassia&#8221;<\/em><\/strong>, diz. <strong><em>&#8220;No entanto, essas eram contradi\u00e7\u00f5es de fundo que de forma alguma tornaram inevit\u00e1vel o confronto militar entre a R\u00fassia e a Ucr\u00e2nia.&#8221;<\/em><\/strong><\/p>\n\n\n\n<p>Por outro lado, Bruce Jones, do Brookings Institution, avalia que as a\u00e7\u00f5es militares do governo de Vladimir Putin contra a Ucr\u00e2nia t\u00eam mais ra\u00edzes internas do que externas. <strong><em>&#8220;A invas\u00e3o tem mais a ver com o sentimento profundo de conex\u00e3o e o desejo que os russo nutrem de ter a Ucr\u00e2nia de volta ao seu inv\u00f3lucro do que com qualquer a\u00e7\u00e3o da Otan.&#8221;<\/em><\/strong><\/p>\n\n\n\n<p>Mas segundo o analista americano, isso n\u00e3o quer dizer que o temor de Moscou em rela\u00e7\u00e3o \u00e0 alian\u00e7a militar ocidental seja irracional.<\/p>\n\n\n\n<p><strong><em>&#8220;Historicamente, alian\u00e7as multilaterais j\u00e1 mudaram de opini\u00e3o sobre suas pol\u00edticas. Por isso, a R\u00fassia pode sim ter raz\u00f5es para se preocupar com uma mudan\u00e7a de posi\u00e7\u00e3o da Otan&#8221;<\/em><\/strong>, diz. <strong><em>&#8220;Mas isso n\u00e3o explica o porqu\u00ea de uma a\u00e7\u00e3o militar&#8221;<\/em><\/strong>.<\/p>\n\n\n\n<p>O professor Alexandre Uehara compartilha da opini\u00e3o de que a incurs\u00e3o russa \u00e9 injustific\u00e1vel.<\/p>\n\n\n\n<p><strong><em>&#8220;Analisando retrospectivamente, existem alguns aspectos leg\u00edtimos para que a R\u00fassia questione essa expans\u00e3o para o Leste Europeu&#8221;, <\/em><\/strong>afirma. <strong><em>&#8220;Mas isso ainda n\u00e3o justifica a invas\u00e3o da Ucr\u00e2nia, pois toda a quest\u00e3o poderia ter sido resolvida diplomaticamente&#8221;<\/em><\/strong>.<\/p>\n\n\n\n<p><strong>A Otan possui apenas objetivos defensivos?<\/strong><\/p>\n\n\n\n<p>A Otan se define como uma alian\u00e7a militar criada para a defesa de seus membros e, segundo seus membros, s\u00f3 age militarmente quando atacada.<\/p>\n\n\n\n<p>Esse princ\u00edpio de defesa coletiva est\u00e1 registrado no artigo 5\u00ba do Tratado do Atl\u00e2ntico Norte, que garante que os recursos de todos os pa\u00edses da organiza\u00e7\u00e3o possam ser usados para proteger os demais.<\/p>\n\n\n\n<p>Essa defini\u00e7\u00e3o defensiva, por\u00e9m, \u00e9 vista com desconfian\u00e7a por muitos na R\u00fassia.<\/p>\n\n\n\n<p>Membros do governo e o pr\u00f3prio presidente Putin citam com frequ\u00eancia o bombardeio realizado pela Otan contra a antiga Iugosl\u00e1via em 1999 como prova de que a alian\u00e7a n\u00e3o se restringe \u00e0 defesa.<\/p>\n\n\n\n<p>Durante seu encontro com o chanceler alem\u00e3o Olaf Scholz em meados de fevereiro, o l\u00edder russo levantou a quest\u00e3o mais uma vez.<\/p>\n\n\n\n<p><strong><em>&#8220;O chanceler federal acabou de dizer que as pessoas de sua gera\u00e7\u00e3o \u2014 e eu certamente perten\u00e7o a essa gera\u00e7\u00e3o \u2014 acham dif\u00edcil imaginar uma guerra na Europa&#8221;<\/em><\/strong>, disse na entrevista coletiva ap\u00f3s o encontro com o alem\u00e3o. <strong><em>&#8220;Mas todos n\u00f3s fomos testemunhas da guerra na Europa que a Otan desencadeou contra a Iugosl\u00e1via.&#8221;<\/em><\/strong><\/p>\n\n\n\n<p><strong><em>&#8220;Aconteceu. Sem nenhuma san\u00e7\u00e3o do Conselho de Seguran\u00e7a da ONU. \u00c9 um exemplo muito triste, mas \u00e9 um fato dif\u00edcil&#8221;<\/em><\/strong>, disse Putin, referindo-se \u00e0 opera\u00e7\u00e3o militar contra Belgrado e Novi Sad, que levou \u00e0 retirada das for\u00e7as iugoslavas do Kosovo e o estabelecimento de uma miss\u00e3o da ONU no pa\u00eds.<\/p>\n\n\n\n<p>De acordo com a posi\u00e7\u00e3o da Otan \u00e0 \u00e9poca, a opera\u00e7\u00e3o foi um sucesso e cumpriu seus objetivos ao colocar fim ao conflito que assolava a regi\u00e3o h\u00e1 quase uma d\u00e9cada.<\/p>\n\n\n\n<p>Para os russos, por\u00e9m, \u00e9 mais uma prova de que a alian\u00e7a poderia usar sua presen\u00e7a no Leste Europeu para atacar seu territ\u00f3rio.<\/p>\n\n\n\n<p>Segundo Troitskiy, a Otan tem um hist\u00f3rico complexo quando o tema \u00e9 sua natureza pac\u00edfica. <strong><em>&#8220;A ades\u00e3o dos pa\u00edses da Europa Central e Oriental na Otan ap\u00f3s o fim da Guerra Fria certamente ajudou pacificar e reduzir as ambi\u00e7\u00f5es perigosas desses Estados&#8221;<\/em><\/strong>, diz. <strong><em>&#8220;Mas, por outro lado, a R\u00fassia sempre citar\u00e1 o bombardeio contra a Iugosl\u00e1via como evid\u00eancia de uma interven\u00e7\u00e3o.&#8221;<\/em><\/strong><\/p>\n\n\n\n<p><strong><em>&#8220;E claro, alguns membros da Otan invadiram o Iraque, uma opera\u00e7\u00e3o que pode facilmente ser usada para testemunhar a natureza expansionista da alian\u00e7a&#8221;<\/em><\/strong>, diz o analista de Moscou. <strong><em>&#8220;Houve ainda a interven\u00e7\u00e3o na L\u00edbia em 2011, quando a Otan claramente ultrapassou seu mandato, e h\u00e1 tamb\u00e9m quem aponte para as a\u00e7\u00f5es no Afeganist\u00e3o como outra opera\u00e7\u00e3o expansionista&#8221;.<\/em><\/strong><\/p>\n\n\n\n<p>Jones, do Brookings Institution, n\u00e3o v\u00ea qualquer inten\u00e7\u00e3o expansionista nas a\u00e7\u00f5es da Otan na Iugosl\u00e1via. <strong><em>&#8220;Os EUA n\u00e3o come\u00e7aram essa guerra. Eles apenas escolheram interferir em defesa de Kosovo ap\u00f3s m\u00faltiplas rodadas de negocia\u00e7\u00e3o e esfor\u00e7os, o que \u00e9 completamente diferente de arquitetar uma invas\u00e3o contra uma na\u00e7\u00e3o independente.&#8221;<\/em><\/strong><\/p>\n\n\n\n<p><strong>A Ucr\u00e2nia ainda pode entrar para a Otan?<\/strong><\/p>\n\n\n\n<p>A Ucr\u00e2nia n\u00e3o \u00e9 membro da Otan, e embora pleiteie entrada no grupo, n\u00e3o h\u00e1 qualquer previs\u00e3o de que isso ocorra num futuro pr\u00f3ximo.<\/p>\n\n\n\n<p>Mas a alian\u00e7a j\u00e1 negou em diversos momentos o fim de sua pol\u00edtica de portas abertas ou um veto a qualquer membro que queira aderir \u00e0 organiza\u00e7\u00e3o, como \u00e9 exigido pela R\u00fassia.<\/p>\n\n\n\n<p><strong><em>&#8220;A rela\u00e7\u00e3o da Otan com a Ucr\u00e2nia ser\u00e1 decidida pelos 30 aliados da Otan e a Ucr\u00e2nia, e por ningu\u00e9m mais&#8221;<\/em><\/strong>, disse o secret\u00e1rio-geral da organiza\u00e7\u00e3o em dezembro de 2021.<\/p>\n\n\n\n<p>Para Bruce Jones, n\u00e3o h\u00e1 como saber se a alian\u00e7a pode trabalhar para aceitar Kiev no futuro, mas essa realidade \u00e9 improv\u00e1vel atualmente, diante da opera\u00e7\u00e3o russa.<\/p>\n\n\n\n<p><strong><em>&#8220;O processo de entrada da Ucr\u00e2nia na Otan ocorreu de forma bastante lenta em parte porque o governo em Kiev deu entrada ao pedido pouco antes da crise financeira que atingiu a Europa&#8221;<\/em><\/strong>, afirma.<\/p>\n\n\n\n<p><strong><em>&#8220;Mas a invas\u00e3o russa mudou tudo e, talvez, ao final da guerra, a Ucr\u00e2nia tenha se mostrado uma resist\u00eancia t\u00e3o corajosa e s\u00e9ria que tudo mais caminhe r\u00e1pido&#8221;<\/em><\/strong>, diz.<\/p>\n\n\n\n<p><em>Fonte: Yahoo Not\u00edcias<\/em><\/p>\n","protected":false},"excerpt":{"rendered":"<p>A invas\u00e3o russa \u00e0 Ucr\u00e2nia tem como um de seus principais panos de fundo os temores da R\u00fassia com o avan\u00e7o da Otan (Organiza\u00e7\u00e3o do Tratado do Atl\u00e2ntico Norte) no leste da Europa.<\/p>\n","protected":false},"author":2,"featured_media":41332,"comment_status":"open","ping_status":"open","sticky":false,"template":"","format":"standard","meta":{"om_disable_all_campaigns":false,"_monsterinsights_skip_tracking":false,"_monsterinsights_sitenote_active":false,"_monsterinsights_sitenote_note":"","_monsterinsights_sitenote_category":0,"footnotes":""},"categories":[70,35,69,21],"tags":[835,339,5259,826,3331],"class_list":["post-41331","post","type-post","status-publish","format-standard","has-post-thumbnail","hentry","category-destaques","category-mundo","category-noticias2","category-politica","tag-guerra","tag-mundo","tag-otan","tag-russia","tag-ucrania"],"aioseo_notices":[],"_links":{"self":[{"href":"https:\/\/www.portalalerta.com.br\/index.php\/wp-json\/wp\/v2\/posts\/41331","targetHints":{"allow":["GET"]}}],"collection":[{"href":"https:\/\/www.portalalerta.com.br\/index.php\/wp-json\/wp\/v2\/posts"}],"about":[{"href":"https:\/\/www.portalalerta.com.br\/index.php\/wp-json\/wp\/v2\/types\/post"}],"author":[{"embeddable":true,"href":"https:\/\/www.portalalerta.com.br\/index.php\/wp-json\/wp\/v2\/users\/2"}],"replies":[{"embeddable":true,"href":"https:\/\/www.portalalerta.com.br\/index.php\/wp-json\/wp\/v2\/comments?post=41331"}],"version-history":[{"count":1,"href":"https:\/\/www.portalalerta.com.br\/index.php\/wp-json\/wp\/v2\/posts\/41331\/revisions"}],"predecessor-version":[{"id":41333,"href":"https:\/\/www.portalalerta.com.br\/index.php\/wp-json\/wp\/v2\/posts\/41331\/revisions\/41333"}],"wp:featuredmedia":[{"embeddable":true,"href":"https:\/\/www.portalalerta.com.br\/index.php\/wp-json\/wp\/v2\/media\/41332"}],"wp:attachment":[{"href":"https:\/\/www.portalalerta.com.br\/index.php\/wp-json\/wp\/v2\/media?parent=41331"}],"wp:term":[{"taxonomy":"category","embeddable":true,"href":"https:\/\/www.portalalerta.com.br\/index.php\/wp-json\/wp\/v2\/categories?post=41331"},{"taxonomy":"post_tag","embeddable":true,"href":"https:\/\/www.portalalerta.com.br\/index.php\/wp-json\/wp\/v2\/tags?post=41331"}],"curies":[{"name":"wp","href":"https:\/\/api.w.org\/{rel}","templated":true}]}}