{"id":41347,"date":"2022-03-02T23:06:16","date_gmt":"2022-03-03T02:06:16","guid":{"rendered":"https:\/\/www.portalalerta.com.br\/?p=41347"},"modified":"2022-03-02T23:06:17","modified_gmt":"2022-03-03T02:06:17","slug":"ucrania-cita-brasil-como-aliado-em-site-oficial-sobre-a-guerra","status":"publish","type":"post","link":"https:\/\/www.portalalerta.com.br\/index.php\/2022\/03\/02\/ucrania-cita-brasil-como-aliado-em-site-oficial-sobre-a-guerra\/","title":{"rendered":"Ucr\u00e2nia cita Brasil como aliado em site oficial sobre a guerra"},"content":{"rendered":"\n<p>O Minist\u00e9rio de Rela\u00e7\u00f5es Exteriores da Ucr\u00e2nia colocou o Brasil na lista de pa\u00edses aliados aos ucranianos. A informa\u00e7\u00e3o est\u00e1 na plataforma oficial\u00a0do pa\u00eds, que mostra as atualiza\u00e7\u00f5es da guerra entre a R\u00fassia e a Ucr\u00e2nia.<\/p>\n\n\n\n<!--more-->\n\n\n\n<p><strong><em>\u201cO mundo est\u00e1 prendendo a respira\u00e7\u00e3o, com o cora\u00e7\u00e3o partido desde que a R\u00fassia invadiu a Ucr\u00e2nia em 24 de fevereiro de 2022, \u00e0s 5h. A guerra continua no cora\u00e7\u00e3o da Europa. [\u2026] Mas os ucranianos n\u00e3o s\u00e3o os \u00fanicos que defendem a democracia, o clamor por paz e liberdade foi ouvido alto e claro em todo o mundo\u201d<\/em><\/strong>, diz uma nota no site.<\/p>\n\n\n\n<p><strong><em>\u201cCelebridades, civis e empresas de todo o mundo apoiam [a Ucr\u00e2nia] e #StandWithUkraine, pedindo que o presidente russo, Vladimir Putin, pare com essa guerra desnecess\u00e1ria.\u201d<\/em><\/strong><\/p>\n\n\n\n<p><strong>Posi\u00e7\u00e3o do Brasil<\/strong><\/p>\n\n\n\n<p>O\u00a0presidente Jair Bolsonaro (PL)\u00a0tem evitado se posicionar em rela\u00e7\u00e3o ao\u00a0conflito entre R\u00fassia e Ucr\u00e2nia. Recentemente, o mandat\u00e1rio brasileiro esteve com o presidente russo, Vladimir Putin, e, sem mencionar a tens\u00e3o na regi\u00e3o \u2013 antes da invas\u00e3o efetiva -, prestou solidariedade ao presidente russo.<\/p>\n\n\n\n<div class=\"wp-block-image\"><figure class=\"aligncenter size-full\"><img fetchpriority=\"high\" decoding=\"async\" width=\"720\" height=\"181\" src=\"https:\/\/www.portalalerta.com.br\/wp-content\/uploads\/2018\/02\/Auto-Escola-Nobre.jpg\" alt=\"\" class=\"wp-image-4869\" srcset=\"https:\/\/www.portalalerta.com.br\/wp-content\/uploads\/2018\/02\/Auto-Escola-Nobre.jpg 720w, https:\/\/www.portalalerta.com.br\/wp-content\/uploads\/2018\/02\/Auto-Escola-Nobre-260x65.jpg 260w, https:\/\/www.portalalerta.com.br\/wp-content\/uploads\/2018\/02\/Auto-Escola-Nobre-50x13.jpg 50w, https:\/\/www.portalalerta.com.br\/wp-content\/uploads\/2018\/02\/Auto-Escola-Nobre-150x38.jpg 150w\" sizes=\"(max-width: 720px) 100vw, 720px\" \/><\/figure><\/div>\n\n\n\n<p>Agora, quando questionado, Bolsonaro tem se esquivado de uma resposta sobre qual lado apoia.<\/p>\n\n\n\n<p>No entanto, para o governo ucraniano, n\u00e3o h\u00e1 espa\u00e7o para neutralidade no momento atual. A declara\u00e7\u00e3o foi dada pela embaixadora da Ucr\u00e2nia na ONU, Yevheniia Filipenko, em entrevista ao portal UOL.<\/p>\n\n\n\n<p><strong><em>\u201cN\u00e3o h\u00e1 espa\u00e7o para neutralidade\u00a0na situa\u00e7\u00e3o atual. Todos precisamos nos levantar para defender nossos princ\u00edpios b\u00e1sicos. Eles garantem a todos os pa\u00edses sua soberania, integridade territorial e exist\u00eancia\u201d<\/em><\/strong>, disse a diplomata.<\/p>\n\n\n\n<p>Segundo a embaixadora da Ucr\u00e2nia na ONU, o momento exige a\u00e7\u00e3o, com o objetivo de acabar com as agress\u00f5es e com os ataques da R\u00fassia contra a Ucr\u00e2nia.<\/p>\n\n\n\n<p><strong>Declara\u00e7\u00f5es de Bolsonaro<\/strong><\/p>\n\n\n\n<p>No \u00faltimo domingo (27),\u00a0Bolsonaro falou em uma coletiva de imprensa sobre o posicionamento do Brasil no conflito.<\/p>\n\n\n\n<p><strong><em>\u201cN\u00f3s devemos entender o que est\u00e1 acontecendo, no meu entender, n\u00f3s n\u00e3o vamos tomar partido, n\u00f3s vamos continuar pela neutralidade e ajudar no que for poss\u00edvel em busca da solu\u00e7\u00e3o\u201d, <\/em><\/strong>afirmou.<\/p>\n\n\n\n<p><strong><em>\u201cNossa posi\u00e7\u00e3o tem que ser de grande cautela. Ningu\u00e9m \u00e9 favor\u00e1vel a guerra em lugar nenhum, traz problemas grav\u00edssimos para toda a humanidade e para o nosso pa\u00eds tamb\u00e9m.\u201d<\/em><\/strong><\/p>\n\n\n\n<p><strong>Mour\u00e3o<\/strong><\/p>\n\n\n\n<p>Na semana passada, em transmiss\u00e3o nas redes sociais o presidente Bolsonaro\u00a0desautorizou\u00a0o vice-presidente Hamilton Mour\u00e3o a falar sobre\u00a0a invas\u00e3o da R\u00fassia ao territ\u00f3rio da Ucr\u00e2nia\u00a0ap\u00f3s o general afirmar que o Brasil n\u00e3o \u00e9 neutro no conflito.<\/p>\n\n\n\n<p><strong><em>&#8220;Deixar bem claro: o artigo 84 [da Constitui\u00e7\u00e3o Federal] diz que quem fala sobre esse assunto \u00e9 o presidente. E o presidente chama-se Jair Messias Bolsonaro. E ponto final. Com todo respeito a essa pessoa que falou isso \u2014 e falou mesmo, eu vi as imagens \u2014 est\u00e1 falando algo que n\u00e3o deve. N\u00e3o \u00e9 de compet\u00eancia dela. \u00c9 de compet\u00eancia nossa&#8221;<\/em><\/strong>, afirmou o presidente.<\/p>\n\n\n\n<p>Bolsonaro deu a declara\u00e7\u00e3o mostrando uma c\u00f3pia de uma mat\u00e9ria com a decla\u00e7\u00e3o de Mour\u00e3o, mas sem falar no nome de seu vice-presidente.<\/p>\n\n\n\n<p><strong>Negocia\u00e7\u00f5es<\/strong><\/p>\n\n\n\n<p>Representantes da R\u00fassia informaram que o pa\u00eds est\u00e1 disposto a negociar o fim da\u00a0guerra com a Ucr\u00e2nia\u00a0hoje, s\u00e9timo dia da invas\u00e3o coordenada pelo presidente Vladimir Putin.<\/p>\n\n\n\n<p>A confirma\u00e7\u00e3o veio do porta-voz do Kremlin, Dmitry Peskov. Ele informou que <strong><em>&#8220;hoje, ao entardecer, nossa delega\u00e7\u00e3o estar\u00e1 no local (das discuss\u00f5es)\u201d<\/em><\/strong>. <strong><em>\u201cVamos esperar os negociadores ucranianos\u201d<\/em><\/strong>, declarou.<\/p>\n\n\n\n<p>Os pa\u00edses tiveram uma primeira conversa na \u00faltima segunda-feira (28), na fronteira entre a Ucr\u00e2nia e Belarus, mas, na ocasi\u00e3o, n\u00e3o conseguiram chegar a um acordo.<\/p>\n\n\n\n<p>O presidente ucraniano, Volodymyr Zelensky afirmou na ter\u00e7a (1\u00ba) que\u00a0os russos precisariam deixar de bombardear o territ\u00f3rio local\u00a0antes que qualquer outra conversa sobre o fim da guerra acontecesse.<\/p>\n\n\n\n<p>Por outro lado, Peskov apontou que a R\u00fassia precisa formular uma resposta contra as medidas impostas por pa\u00edses ocidentais para minar a economia nacional em decorr\u00eancia da guerra.<\/p>\n\n\n\n<p><strong>\u00daltimos movimentos da guerra<\/strong><\/p>\n\n\n\n<p>Neste s\u00e9timo dia de guerra, tropas russas desembarcaram na cidade de Kharkiv e anunciaram que tomaram o controle de Kherson, no sul da Ucr\u00e2nia.<\/p>\n\n\n\n<p>As for\u00e7as armadas russas tamb\u00e9m come\u00e7aram exerc\u00edcios com submarinos nucleares lan\u00e7a-m\u00edsseis terrestres em regi\u00f5es do pa\u00eds,\u00a0mas ainda distante da Ucr\u00e2nia. No domingo (27), o presidente Vladimir Putin ordenou que fossem posicionadas em alerta grave armas nucleares de repres\u00e1lia.<\/p>\n\n\n\n<p>Sergei Lavrov, ministro russo das Rela\u00e7\u00f5es Exteriores, afirmou que, se houvesse uma Terceira Guerra Mundial, esta seria travada com armas nucleares e seria destrutiva, segundo a ag\u00eancia de not\u00edcias RIA.<\/p>\n\n\n\n<p>Enquanto os submarinos trafegavam pelo Mar de Barents, ao leste da Finl\u00e2ndia, os lan\u00e7adores de m\u00edsseis percorriam estradas na Sib\u00e9ria, no centro-norte da R\u00fassia.<\/p>\n\n\n\n<p>Em comunicado, a Frota do Norte da R\u00fassia informou que v\u00e1rios de seus submarinos nucleares estavam participando de exerc\u00edcios projetados para <strong><em>\u201ctreinar manobras em condi\u00e7\u00f5es adversas\u201d<\/em><\/strong>.<\/p>\n\n\n\n<p>J\u00e1 o Minist\u00e9rio da Defesa informou que unidades das For\u00e7as Estrat\u00e9gicas de M\u00edsseis mobilizaram lan\u00e7adores de m\u00edsseis bal\u00edsticos intercontinentais Yars em florestas na regi\u00e3o de Irkutsk, no leste da Sib\u00e9ria.<\/p>\n\n\n\n<p>O comunicado tamb\u00e9m diz que navios de guerra que protegem a pen\u00ednsula de Kola iriam se juntar ao treinamento.<\/p>\n\n\n\n<p>Mais a leste do pa\u00eds, em Irkutsk, na Sib\u00e9ria, for\u00e7as estrat\u00e9gias posicionaram lan\u00e7adores de m\u00edsseis bal\u00edsticos intercontinentais em florestas da regi\u00e3o, segundo comunicado atribu\u00eddo ao Minist\u00e9rio da Defesa russo pela AP.<\/p>\n\n\n\n<p>N\u00e3o se sabe se os exerc\u00edcios t\u00eam rela\u00e7\u00e3o com a ordem de Putin de colocar as for\u00e7as nucleares em alerta no pa\u00eds, em meio ao conflito com a Ucr\u00e2nia.<\/p>\n\n\n\n<p><em>Fonte: Yahoo Not\u00edcias<\/em><\/p>\n","protected":false},"excerpt":{"rendered":"<p>O Minist\u00e9rio de Rela\u00e7\u00f5es Exteriores da Ucr\u00e2nia colocou o Brasil na lista de pa\u00edses aliados aos ucranianos. A informa\u00e7\u00e3o est\u00e1 na plataforma oficial\u00a0do pa\u00eds, que mostra as atualiza\u00e7\u00f5es da guerra entre a R\u00fassia e a Ucr\u00e2nia.<\/p>\n","protected":false},"author":2,"featured_media":41349,"comment_status":"open","ping_status":"open","sticky":false,"template":"","format":"standard","meta":{"om_disable_all_campaigns":false,"_monsterinsights_skip_tracking":false,"_monsterinsights_sitenote_active":false,"_monsterinsights_sitenote_note":"","_monsterinsights_sitenote_category":0,"footnotes":""},"categories":[34,70,35,69],"tags":[93,835,339,826,3331],"class_list":["post-41347","post","type-post","status-publish","format-standard","has-post-thumbnail","hentry","category-brasil","category-destaques","category-mundo","category-noticias2","tag-brasil","tag-guerra","tag-mundo","tag-russia","tag-ucrania"],"aioseo_notices":[],"_links":{"self":[{"href":"https:\/\/www.portalalerta.com.br\/index.php\/wp-json\/wp\/v2\/posts\/41347","targetHints":{"allow":["GET"]}}],"collection":[{"href":"https:\/\/www.portalalerta.com.br\/index.php\/wp-json\/wp\/v2\/posts"}],"about":[{"href":"https:\/\/www.portalalerta.com.br\/index.php\/wp-json\/wp\/v2\/types\/post"}],"author":[{"embeddable":true,"href":"https:\/\/www.portalalerta.com.br\/index.php\/wp-json\/wp\/v2\/users\/2"}],"replies":[{"embeddable":true,"href":"https:\/\/www.portalalerta.com.br\/index.php\/wp-json\/wp\/v2\/comments?post=41347"}],"version-history":[{"count":1,"href":"https:\/\/www.portalalerta.com.br\/index.php\/wp-json\/wp\/v2\/posts\/41347\/revisions"}],"predecessor-version":[{"id":41350,"href":"https:\/\/www.portalalerta.com.br\/index.php\/wp-json\/wp\/v2\/posts\/41347\/revisions\/41350"}],"wp:featuredmedia":[{"embeddable":true,"href":"https:\/\/www.portalalerta.com.br\/index.php\/wp-json\/wp\/v2\/media\/41349"}],"wp:attachment":[{"href":"https:\/\/www.portalalerta.com.br\/index.php\/wp-json\/wp\/v2\/media?parent=41347"}],"wp:term":[{"taxonomy":"category","embeddable":true,"href":"https:\/\/www.portalalerta.com.br\/index.php\/wp-json\/wp\/v2\/categories?post=41347"},{"taxonomy":"post_tag","embeddable":true,"href":"https:\/\/www.portalalerta.com.br\/index.php\/wp-json\/wp\/v2\/tags?post=41347"}],"curies":[{"name":"wp","href":"https:\/\/api.w.org\/{rel}","templated":true}]}}