{"id":41351,"date":"2022-03-02T23:12:23","date_gmt":"2022-03-03T02:12:23","guid":{"rendered":"https:\/\/www.portalalerta.com.br\/?p=41351"},"modified":"2022-03-02T23:20:06","modified_gmt":"2022-03-03T02:20:06","slug":"prefeitura-de-ribeira-do-pombal-ba-anuncia-nova-mudanca-do-transito-no-centro-da-cidade","status":"publish","type":"post","link":"https:\/\/www.portalalerta.com.br\/index.php\/2022\/03\/02\/prefeitura-de-ribeira-do-pombal-ba-anuncia-nova-mudanca-do-transito-no-centro-da-cidade\/","title":{"rendered":"Prefeitura de Ribeira do Pombal-BA, anuncia nova mudan\u00e7a do tr\u00e2nsito no centro da cidade"},"content":{"rendered":"\n<p>O munic\u00edpio de Ribeira do Pombal-BA, anunciou que desde o dia 1\u00ba de mar\u00e7o do corrente ano, passaram a valer as novas mudan\u00e7as do tr\u00e2nsito no centro da cidade.<\/p>\n\n\n\n<!--more-->\n\n\n\n<div class=\"wp-block-image\"><figure class=\"alignleft size-large is-resized\"><img fetchpriority=\"high\" decoding=\"async\" src=\"https:\/\/www.portalalerta.com.br\/wp-content\/uploads\/2021\/10\/Cred-Real-1024x1024.jpeg\" alt=\"\" class=\"wp-image-38729\" width=\"380\" height=\"380\" srcset=\"https:\/\/www.portalalerta.com.br\/wp-content\/uploads\/2021\/10\/Cred-Real-1024x1024.jpeg 1024w, https:\/\/www.portalalerta.com.br\/wp-content\/uploads\/2021\/10\/Cred-Real-240x240.jpeg 240w, https:\/\/www.portalalerta.com.br\/wp-content\/uploads\/2021\/10\/Cred-Real-768x768.jpeg 768w, https:\/\/www.portalalerta.com.br\/wp-content\/uploads\/2021\/10\/Cred-Real-1536x1536.jpeg 1536w, https:\/\/www.portalalerta.com.br\/wp-content\/uploads\/2021\/10\/Cred-Real-146x146.jpeg 146w, https:\/\/www.portalalerta.com.br\/wp-content\/uploads\/2021\/10\/Cred-Real-50x50.jpeg 50w, https:\/\/www.portalalerta.com.br\/wp-content\/uploads\/2021\/10\/Cred-Real-75x75.jpeg 75w, https:\/\/www.portalalerta.com.br\/wp-content\/uploads\/2021\/10\/Cred-Real-85x85.jpeg 85w, https:\/\/www.portalalerta.com.br\/wp-content\/uploads\/2021\/10\/Cred-Real-80x80.jpeg 80w, https:\/\/www.portalalerta.com.br\/wp-content\/uploads\/2021\/10\/Cred-Real.jpeg 1920w\" sizes=\"(max-width: 380px) 100vw, 380px\" \/><\/figure><\/div>\n\n\n\n<p>A partir de agora, tanto quem transita pela Av. Oliviera, quanto quem transita pela Av. Salustiano Guerra, ter\u00e1 que trafegar em sentido \u00fanico. Desta forma, o primeiro trecho ter\u00e1 in\u00edcio ainda na Av. Ev\u00eancia Brito, at\u00e9 as futuras instala\u00e7\u00f5es da Secretaria Municipal de Educa\u00e7\u00e3o. J\u00e1 no segundo trecho ter\u00e1 in\u00edcio na Pra\u00e7a da Juventude, finalizando na Rua Jo\u00e3o Fernandes da Gama (Rua da Ribeira), conforme ilustra\u00e7\u00e3o abaixo.<\/p>\n\n\n\n<p><\/p>\n\n\n\n<p>De acordo com a prefeitura, as mudan\u00e7as visam melhorar ainda mais o fluxo de ve\u00edculos na cidade.<\/p>\n\n\n\n<figure class=\"wp-block-video\"><video controls src=\"https:\/\/www.portalalerta.com.br\/wp-content\/uploads\/2022\/03\/Mudancas-no-transito-de-Ribeira-do-Pombal-1o-de-marco-de-2022.mp4\"><\/video><\/figure>\n\n\n\n<p><em>Reda\u00e7\u00e3o: Portal Alerta<\/em><\/p>\n","protected":false},"excerpt":{"rendered":"<p>O munic\u00edpio de Ribeira do Pombal-BA, anunciou que desde o dia 1\u00ba de mar\u00e7o do corrente ano, passaram a valer as novas mudan\u00e7as do tr\u00e2nsito no centro da cidade.<\/p>\n","protected":false},"author":2,"featured_media":26276,"comment_status":"open","ping_status":"open","sticky":false,"template":"","format":"standard","meta":{"om_disable_all_campaigns":false,"_monsterinsights_skip_tracking":false,"_monsterinsights_sitenote_active":false,"_monsterinsights_sitenote_note":"","_monsterinsights_sitenote_category":0,"footnotes":""},"categories":[70,69,32,3],"tags":[47,1106],"class_list":["post-41351","post","type-post","status-publish","format-standard","has-post-thumbnail","hentry","category-destaques","category-noticias2","category-regiao","category-ribeira-do-pombal","tag-ribeira-do-pombal","tag-transito"],"aioseo_notices":[],"_links":{"self":[{"href":"https:\/\/www.portalalerta.com.br\/index.php\/wp-json\/wp\/v2\/posts\/41351","targetHints":{"allow":["GET"]}}],"collection":[{"href":"https:\/\/www.portalalerta.com.br\/index.php\/wp-json\/wp\/v2\/posts"}],"about":[{"href":"https:\/\/www.portalalerta.com.br\/index.php\/wp-json\/wp\/v2\/types\/post"}],"author":[{"embeddable":true,"href":"https:\/\/www.portalalerta.com.br\/index.php\/wp-json\/wp\/v2\/users\/2"}],"replies":[{"embeddable":true,"href":"https:\/\/www.portalalerta.com.br\/index.php\/wp-json\/wp\/v2\/comments?post=41351"}],"version-history":[{"count":2,"href":"https:\/\/www.portalalerta.com.br\/index.php\/wp-json\/wp\/v2\/posts\/41351\/revisions"}],"predecessor-version":[{"id":41356,"href":"https:\/\/www.portalalerta.com.br\/index.php\/wp-json\/wp\/v2\/posts\/41351\/revisions\/41356"}],"wp:featuredmedia":[{"embeddable":true,"href":"https:\/\/www.portalalerta.com.br\/index.php\/wp-json\/wp\/v2\/media\/26276"}],"wp:attachment":[{"href":"https:\/\/www.portalalerta.com.br\/index.php\/wp-json\/wp\/v2\/media?parent=41351"}],"wp:term":[{"taxonomy":"category","embeddable":true,"href":"https:\/\/www.portalalerta.com.br\/index.php\/wp-json\/wp\/v2\/categories?post=41351"},{"taxonomy":"post_tag","embeddable":true,"href":"https:\/\/www.portalalerta.com.br\/index.php\/wp-json\/wp\/v2\/tags?post=41351"}],"curies":[{"name":"wp","href":"https:\/\/api.w.org\/{rel}","templated":true}]}}