{"id":41375,"date":"2022-03-05T12:57:05","date_gmt":"2022-03-05T15:57:05","guid":{"rendered":"https:\/\/www.portalalerta.com.br\/?p=41375"},"modified":"2022-03-05T12:57:06","modified_gmt":"2022-03-05T15:57:06","slug":"itamaraty-transfere-embaixada-de-kiev-para-a-capital-da-moldavia","status":"publish","type":"post","link":"https:\/\/www.portalalerta.com.br\/index.php\/2022\/03\/05\/itamaraty-transfere-embaixada-de-kiev-para-a-capital-da-moldavia\/","title":{"rendered":"Itamaraty transfere embaixada de Kiev para a capital da Mold\u00e1via"},"content":{"rendered":"\n<p>O Pal\u00e1cio do Itamaraty anunciou nesta sexta-feira (4), em Bras\u00edlia, por meio de nota, que a embaixada do Brasil em Kiev, capital da Ucr\u00e2nia, ser\u00e1 comandada a partir de Chisinau, capital da Mold\u00e1via, pa\u00eds vizinho ao sul. A mudan\u00e7a ocorre, segundo o Minist\u00e9rio das Rela\u00e7\u00f5es Exteriores (MRE), ap\u00f3s a deteriora\u00e7\u00e3o das condi\u00e7\u00f5es de seguran\u00e7a em solo ucraniano, conforme avan\u00e7am as tropas da R\u00fassia pelo pa\u00eds.<\/p>\n\n\n\n<!--more-->\n\n\n\n<p>De acordo com o an\u00fancio, o embaixador do Brasil na Ucr\u00e2nia, Norton de Andrade Mello Rapesta, que acumula a fun\u00e7\u00e3o de embaixador na Rep\u00fablica da Mold\u00e1via, <strong><em>&#8220;passar\u00e1 a gerir a embaixada e a ocupar-se dos trabalhos de an\u00e1lise pol\u00edtica a partir de Chisinau, capital daquele pa\u00eds, onde j\u00e1 est\u00e1 em funcionamento posto de atendimento consular a cidad\u00e3os brasileiros evacuados do territ\u00f3rio ucraniano&#8221;<\/em><\/strong>.<\/p>\n\n\n\n<div class=\"wp-block-image\"><figure class=\"alignleft size-large is-resized\"><img fetchpriority=\"high\" decoding=\"async\" src=\"https:\/\/www.portalalerta.com.br\/wp-content\/uploads\/2021\/10\/Cred-Real-1024x1024.jpeg\" alt=\"\" class=\"wp-image-38729\" width=\"406\" height=\"406\" srcset=\"https:\/\/www.portalalerta.com.br\/wp-content\/uploads\/2021\/10\/Cred-Real-1024x1024.jpeg 1024w, https:\/\/www.portalalerta.com.br\/wp-content\/uploads\/2021\/10\/Cred-Real-240x240.jpeg 240w, https:\/\/www.portalalerta.com.br\/wp-content\/uploads\/2021\/10\/Cred-Real-768x768.jpeg 768w, https:\/\/www.portalalerta.com.br\/wp-content\/uploads\/2021\/10\/Cred-Real-1536x1536.jpeg 1536w, https:\/\/www.portalalerta.com.br\/wp-content\/uploads\/2021\/10\/Cred-Real-146x146.jpeg 146w, https:\/\/www.portalalerta.com.br\/wp-content\/uploads\/2021\/10\/Cred-Real-50x50.jpeg 50w, https:\/\/www.portalalerta.com.br\/wp-content\/uploads\/2021\/10\/Cred-Real-75x75.jpeg 75w, https:\/\/www.portalalerta.com.br\/wp-content\/uploads\/2021\/10\/Cred-Real-85x85.jpeg 85w, https:\/\/www.portalalerta.com.br\/wp-content\/uploads\/2021\/10\/Cred-Real-80x80.jpeg 80w, https:\/\/www.portalalerta.com.br\/wp-content\/uploads\/2021\/10\/Cred-Real.jpeg 1920w\" sizes=\"(max-width: 406px) 100vw, 406px\" \/><\/figure><\/div>\n\n\n\n<p>Rapesta j\u00e1 havia deixado Kiev, com toda sua equipe, na \u00faltima quarta-feira (2), em dire\u00e7\u00e3o a Lviv, oeste da Ucr\u00e2nia, que fica pr\u00f3xima \u00e0 fronteira com a Pol\u00f4nia.<\/p>\n\n\n\n<p><strong>Atendimento consular<\/strong>&nbsp;&#8211; O Itamaraty tamb\u00e9m informou que o posto de atendimento consular aberto na cidade de Lviv e for\u00e7a-tarefa para apoio a cidad\u00e3os brasileiros na zona de conflito na Ucr\u00e2nia ter\u00e3o a coordena\u00e7\u00e3o do embaixador do Brasil em Sarajevo (B\u00f3snia), Lineu Pupo de Paula, que foi temporariamente deslocado para a regi\u00e3o.<\/p>\n\n\n\n<p><strong><em>&#8220;Os cidad\u00e3os brasileiros na Ucr\u00e2nia continuam a contar com apoio de funcion\u00e1rios locais da embaixada em Kiev, bem como das embaixadas do Brasil na Pol\u00f4nia, Rom\u00eania, Hungria e Eslov\u00e1quia, que seguem operando n\u00facleos de apoio a brasileiros que estejam deixando a Ucr\u00e2nia&#8221;<\/em><\/strong>, enfatizou o Itamaraty.<\/p>\n\n\n\n<p>Em casos de emerg\u00eancia, o plant\u00e3o consular do Minist\u00e9rio das Rela\u00e7\u00f5es Exteriores pode ser contatado pelo n\u00famero de telefone +55 61 98260-0610. Os dados de contato de todas as embaixadas e postos de atendimento consular na regi\u00e3o podem ser acessados no site do Itamaraty.<\/p>\n\n\n\n<p><em>Fonte: Metro1<\/em><\/p>\n","protected":false},"excerpt":{"rendered":"<p>O Pal\u00e1cio do Itamaraty anunciou nesta sexta-feira (4), em Bras\u00edlia, por meio de nota, que a embaixada do Brasil em Kiev, capital da Ucr\u00e2nia, ser\u00e1 comandada a partir de Chisinau, capital da Mold\u00e1via, pa\u00eds vizinho ao sul. A mudan\u00e7a ocorre, segundo o Minist\u00e9rio das Rela\u00e7\u00f5es Exteriores (MRE), ap\u00f3s a deteriora\u00e7\u00e3o das condi\u00e7\u00f5es de seguran\u00e7a em &hellip;<\/p>\n","protected":false},"author":2,"featured_media":41376,"comment_status":"open","ping_status":"open","sticky":false,"template":"","format":"standard","meta":{"om_disable_all_campaigns":false,"_monsterinsights_skip_tracking":false,"_monsterinsights_sitenote_active":false,"_monsterinsights_sitenote_note":"","_monsterinsights_sitenote_category":0,"footnotes":""},"categories":[34,70,35,69,21],"tags":[93,3218,835,5273,5272,826,3331],"class_list":["post-41375","post","type-post","status-publish","format-standard","has-post-thumbnail","hentry","category-brasil","category-destaques","category-mundo","category-noticias2","category-politica","tag-brasil","tag-embaixada","tag-guerra","tag-itamaraty","tag-moldavia","tag-russia","tag-ucrania"],"aioseo_notices":[],"_links":{"self":[{"href":"https:\/\/www.portalalerta.com.br\/index.php\/wp-json\/wp\/v2\/posts\/41375","targetHints":{"allow":["GET"]}}],"collection":[{"href":"https:\/\/www.portalalerta.com.br\/index.php\/wp-json\/wp\/v2\/posts"}],"about":[{"href":"https:\/\/www.portalalerta.com.br\/index.php\/wp-json\/wp\/v2\/types\/post"}],"author":[{"embeddable":true,"href":"https:\/\/www.portalalerta.com.br\/index.php\/wp-json\/wp\/v2\/users\/2"}],"replies":[{"embeddable":true,"href":"https:\/\/www.portalalerta.com.br\/index.php\/wp-json\/wp\/v2\/comments?post=41375"}],"version-history":[{"count":1,"href":"https:\/\/www.portalalerta.com.br\/index.php\/wp-json\/wp\/v2\/posts\/41375\/revisions"}],"predecessor-version":[{"id":41377,"href":"https:\/\/www.portalalerta.com.br\/index.php\/wp-json\/wp\/v2\/posts\/41375\/revisions\/41377"}],"wp:featuredmedia":[{"embeddable":true,"href":"https:\/\/www.portalalerta.com.br\/index.php\/wp-json\/wp\/v2\/media\/41376"}],"wp:attachment":[{"href":"https:\/\/www.portalalerta.com.br\/index.php\/wp-json\/wp\/v2\/media?parent=41375"}],"wp:term":[{"taxonomy":"category","embeddable":true,"href":"https:\/\/www.portalalerta.com.br\/index.php\/wp-json\/wp\/v2\/categories?post=41375"},{"taxonomy":"post_tag","embeddable":true,"href":"https:\/\/www.portalalerta.com.br\/index.php\/wp-json\/wp\/v2\/tags?post=41375"}],"curies":[{"name":"wp","href":"https:\/\/api.w.org\/{rel}","templated":true}]}}