{"id":41381,"date":"2022-03-07T07:00:00","date_gmt":"2022-03-07T10:00:00","guid":{"rendered":"https:\/\/www.portalalerta.com.br\/?p=41381"},"modified":"2022-03-06T23:59:15","modified_gmt":"2022-03-07T02:59:15","slug":"em-fabrica-no-parana-explosao-mata-dois-e-interrompe-discurso-de-sergio-moro","status":"publish","type":"post","link":"https:\/\/www.portalalerta.com.br\/index.php\/2022\/03\/07\/em-fabrica-no-parana-explosao-mata-dois-e-interrompe-discurso-de-sergio-moro\/","title":{"rendered":"Em f\u00e1brica no Paran\u00e1, explos\u00e3o mata dois e interrompe discurso de Sergio Moro"},"content":{"rendered":"\n<p><strong>Segundo assessoria de imprensa, pr\u00e9-candidato \u00e0 Presid\u00eancia passa bem; ele lamentou o acidente, ocorrido na&nbsp;Cocamar<\/strong><\/p>\n\n\n\n<!--more-->\n\n\n\n<p>Na \u00faltima sexta-feira (4), o\u00a0pr\u00e9-candidato \u00e0 Presid\u00eancia da Rep\u00fablica Sergio Moro (Podemos)\u00a0interrompeu o discurso que fazia durante visita \u00e0 sede\u00a0administrativa da Cocamar (Cooperativa Agroindustrial de Maring\u00e1), no interior do Paran\u00e1, ap\u00f3s uma explos\u00e3o na parte fabril da cooperativa. Dois funcion\u00e1rios morreram no acidente.\u00a0<\/p>\n\n\n\n<div class=\"wp-block-image\"><figure class=\"alignleft size-full is-resized\"><img fetchpriority=\"high\" decoding=\"async\" src=\"https:\/\/www.portalalerta.com.br\/wp-content\/uploads\/2021\/04\/ELAB.jpg\" alt=\"\" class=\"wp-image-34795\" width=\"392\" height=\"313\" srcset=\"https:\/\/www.portalalerta.com.br\/wp-content\/uploads\/2021\/04\/ELAB.jpg 1000w, https:\/\/www.portalalerta.com.br\/wp-content\/uploads\/2021\/04\/ELAB-300x240.jpg 300w, https:\/\/www.portalalerta.com.br\/wp-content\/uploads\/2021\/04\/ELAB-768x614.jpg 768w, https:\/\/www.portalalerta.com.br\/wp-content\/uploads\/2021\/04\/ELAB-183x146.jpg 183w, https:\/\/www.portalalerta.com.br\/wp-content\/uploads\/2021\/04\/ELAB-50x40.jpg 50w, https:\/\/www.portalalerta.com.br\/wp-content\/uploads\/2021\/04\/ELAB-94x75.jpg 94w\" sizes=\"(max-width: 392px) 100vw, 392px\" \/><\/figure><\/div>\n\n\n\n<p>Moro estava acompanhado do senador \u00c1lvaro Dias (Podemos-PR), que est\u00e1 bem. Em nota, a assessoria de imprensa do candidato disse que Moro tamb\u00e9m est\u00e1 bem, lamentou o acidente e prestou solidariedade \u00e0 empresa e aos funcion\u00e1rios.<\/p>\n\n\n\n<p><strong><em>&#8220;Em agenda no interior do Paran\u00e1, o pr\u00e9-candidato \u00e0 Presid\u00eancia da Rep\u00fablica Sergio Moro visitava a sede administrativa da Cocamar, na manh\u00e3 desta sexta-feira, quando foi informado da explos\u00e3o na parte fabril da Cooperativa. Infelizmente, o acidente vitimou dois funcion\u00e1rios da Cocamar. Sergio Moro lamentou o acidente, prestou solidariedade ao corpo funcional e suspendeu a agenda de visita\u00e7\u00e3o&#8221;,<\/em><\/strong> diz o comunicado.<\/p>\n\n\n\n<p>Pelo Twitter, Moro lamentou as mortes e deixou solidariedade \u00e0s fam\u00edlias das v\u00edtimas. <strong><em>&#8220;Lamento muito pelo acidente que vitimou dois profissionais na Cocamar, hoje pela manh\u00e3, em Maring\u00e1. Que Deus possa amenizar a dor dos respectivos familiares e amigos por essa perda inestim\u00e1vel, que se deu de forma t\u00e3o inesperada. Minhas sinceras condol\u00eancias&#8221;<\/em><\/strong>, escreveu o ex-ju\u00edz.<\/p>\n\n\n\n<p><em>Fonte: R7<\/em><\/p>\n","protected":false},"excerpt":{"rendered":"<p>Segundo assessoria de imprensa, pr\u00e9-candidato \u00e0 Presid\u00eancia passa bem; ele lamentou o acidente, ocorrido na&nbsp;Cocamar<\/p>\n","protected":false},"author":2,"featured_media":39204,"comment_status":"open","ping_status":"open","sticky":false,"template":"","format":"standard","meta":{"om_disable_all_campaigns":false,"_monsterinsights_skip_tracking":false,"_monsterinsights_sitenote_active":false,"_monsterinsights_sitenote_note":"","_monsterinsights_sitenote_category":0,"footnotes":""},"categories":[34,70,69,21],"tags":[93,113,169,442,443],"class_list":["post-41381","post","type-post","status-publish","format-standard","has-post-thumbnail","hentry","category-brasil","category-destaques","category-noticias2","category-politica","tag-brasil","tag-explosao","tag-morte","tag-parana","tag-sergio-moro"],"aioseo_notices":[],"_links":{"self":[{"href":"https:\/\/www.portalalerta.com.br\/index.php\/wp-json\/wp\/v2\/posts\/41381","targetHints":{"allow":["GET"]}}],"collection":[{"href":"https:\/\/www.portalalerta.com.br\/index.php\/wp-json\/wp\/v2\/posts"}],"about":[{"href":"https:\/\/www.portalalerta.com.br\/index.php\/wp-json\/wp\/v2\/types\/post"}],"author":[{"embeddable":true,"href":"https:\/\/www.portalalerta.com.br\/index.php\/wp-json\/wp\/v2\/users\/2"}],"replies":[{"embeddable":true,"href":"https:\/\/www.portalalerta.com.br\/index.php\/wp-json\/wp\/v2\/comments?post=41381"}],"version-history":[{"count":1,"href":"https:\/\/www.portalalerta.com.br\/index.php\/wp-json\/wp\/v2\/posts\/41381\/revisions"}],"predecessor-version":[{"id":41382,"href":"https:\/\/www.portalalerta.com.br\/index.php\/wp-json\/wp\/v2\/posts\/41381\/revisions\/41382"}],"wp:featuredmedia":[{"embeddable":true,"href":"https:\/\/www.portalalerta.com.br\/index.php\/wp-json\/wp\/v2\/media\/39204"}],"wp:attachment":[{"href":"https:\/\/www.portalalerta.com.br\/index.php\/wp-json\/wp\/v2\/media?parent=41381"}],"wp:term":[{"taxonomy":"category","embeddable":true,"href":"https:\/\/www.portalalerta.com.br\/index.php\/wp-json\/wp\/v2\/categories?post=41381"},{"taxonomy":"post_tag","embeddable":true,"href":"https:\/\/www.portalalerta.com.br\/index.php\/wp-json\/wp\/v2\/tags?post=41381"}],"curies":[{"name":"wp","href":"https:\/\/api.w.org\/{rel}","templated":true}]}}