{"id":41391,"date":"2022-03-07T11:30:00","date_gmt":"2022-03-07T14:30:00","guid":{"rendered":"https:\/\/www.portalalerta.com.br\/?p=41391"},"modified":"2022-03-07T00:42:26","modified_gmt":"2022-03-07T03:42:26","slug":"otan-autoriza-que-membros-enviem-avioes-a-ucrania-diz-eua","status":"publish","type":"post","link":"https:\/\/www.portalalerta.com.br\/index.php\/2022\/03\/07\/otan-autoriza-que-membros-enviem-avioes-a-ucrania-diz-eua\/","title":{"rendered":"Otan autoriza que membros enviem avi\u00f5es \u00e0 Ucr\u00e2nia, diz EUA"},"content":{"rendered":"\n<p>Otan trabalham em conjunto com a Uni\u00e3o Europeia e o G7<\/p>\n\n\n\n<!--more-->\n\n\n\n<p>A Organiza\u00e7\u00e3o do Tratado do Atl\u00e2ntico Norte (Otan) autorizou que seus membros enviem avi\u00f5es de guerra \u00e0 Ucr\u00e2nia para responder aos ataques russos. A informa\u00e7\u00e3o foi divulgada pelo secret\u00e1rio de Estado dos Estados Unidos, Antony Blinken, neste domingo, 6.<\/p>\n\n\n\n<p>A Otan \u00e9 a&nbsp;maior organiza\u00e7\u00e3o pol\u00edtico-militar do mundo e conta, atualmente, com 30 pa\u00edses.<\/p>\n\n\n\n<div class=\"wp-block-image\"><figure class=\"aligncenter size-full\"><img fetchpriority=\"high\" decoding=\"async\" width=\"720\" height=\"181\" src=\"https:\/\/www.portalalerta.com.br\/wp-content\/uploads\/2018\/02\/Auto-Escola-Nobre.jpg\" alt=\"\" class=\"wp-image-4869\" srcset=\"https:\/\/www.portalalerta.com.br\/wp-content\/uploads\/2018\/02\/Auto-Escola-Nobre.jpg 720w, https:\/\/www.portalalerta.com.br\/wp-content\/uploads\/2018\/02\/Auto-Escola-Nobre-260x65.jpg 260w, https:\/\/www.portalalerta.com.br\/wp-content\/uploads\/2018\/02\/Auto-Escola-Nobre-50x13.jpg 50w, https:\/\/www.portalalerta.com.br\/wp-content\/uploads\/2018\/02\/Auto-Escola-Nobre-150x38.jpg 150w\" sizes=\"(max-width: 720px) 100vw, 720px\" \/><\/figure><\/div>\n\n\n\n<p><strong><em>&#8220;N\u00f3s estamos conversando com nossos colegas poloneses para saber como podemos ajudar em suas necessidades, caso eles realmente escolham por mandar esses jatos para os ucranianos. Estamos em discuss\u00f5es neste momento sobre isso&#8221;<\/em><\/strong>, disse Blinken.<\/p>\n\n\n\n<p>Ele ressaltou que pa\u00edses da Otan trabalham em conjunto com os da Uni\u00e3o Europeia e os do G7 com o objetivo de pressionar ainda mais a R\u00fassia com a imposi\u00e7\u00e3o de san\u00e7\u00f5es que ser\u00e3o implementadas nos pr\u00f3ximos dias.&nbsp;<\/p>\n\n\n\n<p><strong><em>&#8220;Assim como estamos aprimorando nossos sistemas para fornecer aos ucranianos o que eles precisam para se defender das agress\u00f5es russas&#8221;<\/em><\/strong>, disse.<\/p>\n\n\n\n<p><em>Fonte: A Tarde<\/em><\/p>\n","protected":false},"excerpt":{"rendered":"<p>Otan trabalham em conjunto com a Uni\u00e3o Europeia e o G7<\/p>\n","protected":false},"author":2,"featured_media":41237,"comment_status":"open","ping_status":"open","sticky":false,"template":"","format":"standard","meta":{"om_disable_all_campaigns":false,"_monsterinsights_skip_tracking":false,"_monsterinsights_sitenote_active":false,"_monsterinsights_sitenote_note":"","_monsterinsights_sitenote_category":0,"footnotes":""},"categories":[70,35,69,21],"tags":[327,835,339,5259,826,3331],"class_list":["post-41391","post","type-post","status-publish","format-standard","has-post-thumbnail","hentry","category-destaques","category-mundo","category-noticias2","category-politica","tag-eua","tag-guerra","tag-mundo","tag-otan","tag-russia","tag-ucrania"],"aioseo_notices":[],"_links":{"self":[{"href":"https:\/\/www.portalalerta.com.br\/index.php\/wp-json\/wp\/v2\/posts\/41391","targetHints":{"allow":["GET"]}}],"collection":[{"href":"https:\/\/www.portalalerta.com.br\/index.php\/wp-json\/wp\/v2\/posts"}],"about":[{"href":"https:\/\/www.portalalerta.com.br\/index.php\/wp-json\/wp\/v2\/types\/post"}],"author":[{"embeddable":true,"href":"https:\/\/www.portalalerta.com.br\/index.php\/wp-json\/wp\/v2\/users\/2"}],"replies":[{"embeddable":true,"href":"https:\/\/www.portalalerta.com.br\/index.php\/wp-json\/wp\/v2\/comments?post=41391"}],"version-history":[{"count":1,"href":"https:\/\/www.portalalerta.com.br\/index.php\/wp-json\/wp\/v2\/posts\/41391\/revisions"}],"predecessor-version":[{"id":41392,"href":"https:\/\/www.portalalerta.com.br\/index.php\/wp-json\/wp\/v2\/posts\/41391\/revisions\/41392"}],"wp:featuredmedia":[{"embeddable":true,"href":"https:\/\/www.portalalerta.com.br\/index.php\/wp-json\/wp\/v2\/media\/41237"}],"wp:attachment":[{"href":"https:\/\/www.portalalerta.com.br\/index.php\/wp-json\/wp\/v2\/media?parent=41391"}],"wp:term":[{"taxonomy":"category","embeddable":true,"href":"https:\/\/www.portalalerta.com.br\/index.php\/wp-json\/wp\/v2\/categories?post=41391"},{"taxonomy":"post_tag","embeddable":true,"href":"https:\/\/www.portalalerta.com.br\/index.php\/wp-json\/wp\/v2\/tags?post=41391"}],"curies":[{"name":"wp","href":"https:\/\/api.w.org\/{rel}","templated":true}]}}