{"id":41396,"date":"2022-03-07T11:32:00","date_gmt":"2022-03-07T14:32:00","guid":{"rendered":"https:\/\/www.portalalerta.com.br\/?p=41396"},"modified":"2022-03-07T00:54:50","modified_gmt":"2022-03-07T03:54:50","slug":"briga-entre-torcidas-do-atletico-mg-e-cruzeiro-deixa-um-morto-e-um-ferido-em-belo-horizonte","status":"publish","type":"post","link":"https:\/\/www.portalalerta.com.br\/index.php\/2022\/03\/07\/briga-entre-torcidas-do-atletico-mg-e-cruzeiro-deixa-um-morto-e-um-ferido-em-belo-horizonte\/","title":{"rendered":"Briga entre torcidas do Atl\u00e9tico-MG e Cruzeiro deixa um morto e um ferido em Belo Horizonte"},"content":{"rendered":"\n<p>Situa\u00e7\u00e3o aconteceu horas antes do in\u00edcio da partida; duas v\u00edtimas foram baleadas durante confus\u00e3o<\/p>\n\n\n\n<!--more-->\n\n\n\n<p>Uma briga generalizada entre torcidas do&nbsp;Atl\u00e9tico-MG e Cruzeiro deixou uma pessoa morta em Belo Horizonte, em Minas Gerais. Segundo informa\u00e7\u00f5es da Pol\u00edcia Militar do estado, dois torcedores foram baleados durante a confus\u00e3o ocorrida no fim da manh\u00e3 deste domingo (6).<\/p>\n\n\n\n<div class=\"wp-block-image\"><figure class=\"alignleft size-large is-resized\"><img fetchpriority=\"high\" decoding=\"async\" src=\"https:\/\/www.portalalerta.com.br\/wp-content\/uploads\/2021\/10\/Cred-Real-1024x1024.jpeg\" alt=\"\" class=\"wp-image-38729\" width=\"407\" height=\"407\" srcset=\"https:\/\/www.portalalerta.com.br\/wp-content\/uploads\/2021\/10\/Cred-Real-1024x1024.jpeg 1024w, https:\/\/www.portalalerta.com.br\/wp-content\/uploads\/2021\/10\/Cred-Real-240x240.jpeg 240w, https:\/\/www.portalalerta.com.br\/wp-content\/uploads\/2021\/10\/Cred-Real-768x768.jpeg 768w, https:\/\/www.portalalerta.com.br\/wp-content\/uploads\/2021\/10\/Cred-Real-1536x1536.jpeg 1536w, https:\/\/www.portalalerta.com.br\/wp-content\/uploads\/2021\/10\/Cred-Real-146x146.jpeg 146w, https:\/\/www.portalalerta.com.br\/wp-content\/uploads\/2021\/10\/Cred-Real-50x50.jpeg 50w, https:\/\/www.portalalerta.com.br\/wp-content\/uploads\/2021\/10\/Cred-Real-75x75.jpeg 75w, https:\/\/www.portalalerta.com.br\/wp-content\/uploads\/2021\/10\/Cred-Real-85x85.jpeg 85w, https:\/\/www.portalalerta.com.br\/wp-content\/uploads\/2021\/10\/Cred-Real-80x80.jpeg 80w, https:\/\/www.portalalerta.com.br\/wp-content\/uploads\/2021\/10\/Cred-Real.jpeg 1920w\" sizes=\"(max-width: 407px) 100vw, 407px\" \/><\/figure><\/div>\n\n\n\n<p>Ferida, a v\u00edtima&nbsp;foi levada ao Hospital de Pronto Socorro Jo\u00e3o XXIII, mas n\u00e3o resistiu aos ferimentos. Ele morreu por volta das 15h. A outra v\u00edtima foi encaminhada para a Unidade de Pronto Atendimento da Regi\u00e3o Leste de Belo Horizonte. Ainda n\u00e3o h\u00e1 informa\u00e7\u00f5es sobre o estado de sa\u00fade desta.<\/p>\n\n\n\n<p>A partida entre os times de futebol est\u00e1 prevista para acontecer \u00e0s 18h deste domingo&nbsp;no Mineir\u00e3o, pela nona rodada do Campeonato Mineiro.<\/p>\n\n\n\n<p><em>Fonte: Metro1<\/em><\/p>\n","protected":false},"excerpt":{"rendered":"<p>Situa\u00e7\u00e3o aconteceu horas antes do in\u00edcio da partida; duas v\u00edtimas foram baleadas durante confus\u00e3o<\/p>\n","protected":false},"author":2,"featured_media":41397,"comment_status":"open","ping_status":"open","sticky":false,"template":"","format":"standard","meta":{"om_disable_all_campaigns":false,"_monsterinsights_skip_tracking":false,"_monsterinsights_sitenote_active":false,"_monsterinsights_sitenote_note":"","_monsterinsights_sitenote_category":0,"footnotes":""},"categories":[34,70,2,69,22],"tags":[5118,93,5277,2084,96,393,97,439],"class_list":["post-41396","post","type-post","status-publish","format-standard","has-post-thumbnail","hentry","category-brasil","category-destaques","category-esportes","category-noticias2","category-seguranca","tag-atletico-mineiro","tag-brasil","tag-briga-entre-torcidas","tag-cruzeiro","tag-esporte","tag-feridos","tag-futebol","tag-mortes"],"aioseo_notices":[],"_links":{"self":[{"href":"https:\/\/www.portalalerta.com.br\/index.php\/wp-json\/wp\/v2\/posts\/41396","targetHints":{"allow":["GET"]}}],"collection":[{"href":"https:\/\/www.portalalerta.com.br\/index.php\/wp-json\/wp\/v2\/posts"}],"about":[{"href":"https:\/\/www.portalalerta.com.br\/index.php\/wp-json\/wp\/v2\/types\/post"}],"author":[{"embeddable":true,"href":"https:\/\/www.portalalerta.com.br\/index.php\/wp-json\/wp\/v2\/users\/2"}],"replies":[{"embeddable":true,"href":"https:\/\/www.portalalerta.com.br\/index.php\/wp-json\/wp\/v2\/comments?post=41396"}],"version-history":[{"count":1,"href":"https:\/\/www.portalalerta.com.br\/index.php\/wp-json\/wp\/v2\/posts\/41396\/revisions"}],"predecessor-version":[{"id":41398,"href":"https:\/\/www.portalalerta.com.br\/index.php\/wp-json\/wp\/v2\/posts\/41396\/revisions\/41398"}],"wp:featuredmedia":[{"embeddable":true,"href":"https:\/\/www.portalalerta.com.br\/index.php\/wp-json\/wp\/v2\/media\/41397"}],"wp:attachment":[{"href":"https:\/\/www.portalalerta.com.br\/index.php\/wp-json\/wp\/v2\/media?parent=41396"}],"wp:term":[{"taxonomy":"category","embeddable":true,"href":"https:\/\/www.portalalerta.com.br\/index.php\/wp-json\/wp\/v2\/categories?post=41396"},{"taxonomy":"post_tag","embeddable":true,"href":"https:\/\/www.portalalerta.com.br\/index.php\/wp-json\/wp\/v2\/tags?post=41396"}],"curies":[{"name":"wp","href":"https:\/\/api.w.org\/{rel}","templated":true}]}}