{"id":41401,"date":"2022-03-07T21:03:10","date_gmt":"2022-03-08T00:03:10","guid":{"rendered":"https:\/\/www.portalalerta.com.br\/?p=41401"},"modified":"2022-03-07T21:03:12","modified_gmt":"2022-03-08T00:03:12","slug":"itamaraty-preve-resgate-de-64-pessoas-na-ucrania-na-quarta-feira","status":"publish","type":"post","link":"https:\/\/www.portalalerta.com.br\/index.php\/2022\/03\/07\/itamaraty-preve-resgate-de-64-pessoas-na-ucrania-na-quarta-feira\/","title":{"rendered":"Itamaraty prev\u00ea resgate de 64 pessoas na Ucr\u00e2nia na quarta-feira"},"content":{"rendered":"\n<p><strong>Coordenador de for\u00e7a-tarefa anunciou que 47 brasileiros e 17 ucranianos com la\u00e7os de fam\u00edlia no Brasil v\u00e3o ser repatriados<\/strong><\/p>\n\n\n\n<!--more-->\n\n\n\n<p>O Itamaraty prev\u00ea um voo de resgate de brasileiros na Ucr\u00e2nia para a pr\u00f3xima quarta-feira (9). As informa\u00e7\u00f5es foram divulgadas pelo ministro de segunda classe da carreira de diplomata do Itamaraty Unaldo de Sousa, designado pelo Minist\u00e9rio das Rela\u00e7\u00f5es Exteriores para ser o coordenador da for\u00e7a-tarefa no Leste Europeu.<\/p>\n\n\n\n<div class=\"wp-block-image\"><figure class=\"alignleft size-full is-resized\"><img fetchpriority=\"high\" decoding=\"async\" src=\"https:\/\/www.portalalerta.com.br\/wp-content\/uploads\/2021\/04\/ELAB.jpg\" alt=\"\" class=\"wp-image-34795\" width=\"397\" height=\"317\" srcset=\"https:\/\/www.portalalerta.com.br\/wp-content\/uploads\/2021\/04\/ELAB.jpg 1000w, https:\/\/www.portalalerta.com.br\/wp-content\/uploads\/2021\/04\/ELAB-300x240.jpg 300w, https:\/\/www.portalalerta.com.br\/wp-content\/uploads\/2021\/04\/ELAB-768x614.jpg 768w, https:\/\/www.portalalerta.com.br\/wp-content\/uploads\/2021\/04\/ELAB-183x146.jpg 183w, https:\/\/www.portalalerta.com.br\/wp-content\/uploads\/2021\/04\/ELAB-50x40.jpg 50w, https:\/\/www.portalalerta.com.br\/wp-content\/uploads\/2021\/04\/ELAB-94x75.jpg 94w\" sizes=\"(max-width: 397px) 100vw, 397px\" \/><\/figure><\/div>\n\n\n\n<p><strong><em>\u201cO voo de repatria\u00e7\u00e3o previsto para quarta-feira j\u00e1 tem 64 confirmados, sendo 47 brasileiros e 17 ucranianos com la\u00e7os de fam\u00edlia. Al\u00e9m desses, outros vir\u00e3o de pa\u00edses circundantes por contra pr\u00f3pria\u201d,<\/em><\/strong> detalhou Unaldo de Sousa. Os n\u00fameros s\u00e3o parte de uma estimativa inicial. O dado ser\u00e1 fechado nesta segunda-feira (7).<\/p>\n\n\n\n<p>Ainda segundo o coordenador do grupo, o Itamaraty j\u00e1 prestou aux\u00edlio e trouxe da fronteira 38 cidad\u00e3os brasileiros, que se juntar\u00e3o a mais 15 que ser\u00e3o resgatados. <strong><em>\u201cDesse total, temos nove crian\u00e7as, acompanhadas de cinco animais de estima\u00e7\u00e3o\u201d<\/em><\/strong>, disse.<\/p>\n\n\n\n<p>A aeronave da FAB (For\u00e7a A\u00e9rea Brasileira) utilizada na miss\u00e3o de resgate dos brasileiros ser\u00e1 enviada nesta segunda-feira (7), saindo de Bras\u00edlia rumo a Vars\u00f3via, na Pol\u00f4nia. A a\u00e7\u00e3o \u00e9 interministerial e ocorre de forma integrada entre as pastas da Defesa, das Rela\u00e7\u00f5es Exteriores e da Sa\u00fade.<\/p>\n\n\n\n<p><strong><em>&#8220;A aeronave, um KC-390 Millennium, decolar\u00e1 \u00e0s 15 horas, com 11,6 toneladas de medicamentos para atendimento emergencial, alimentos e itens de necessidade b\u00e1sica com tecnologia para funcionamento aut\u00f4nomo \u2014 utilizados em locais sem recursos e em situa\u00e7\u00f5es extremas, como guerras e conflitos. O pouso na capital polonesa est\u00e1 previsto para a quarta-feira (9), e os brasileiros repatriados devem chegar ao Brasil na quinta-feira (10)&#8221;<\/em><\/strong>, divulgou o Minist\u00e9rio da Defesa.<\/p>\n\n\n\n<p>Onze representantes do Minist\u00e9rio das Rela\u00e7\u00f5es Exteriores e um do Minist\u00e9rio da Defesa foram enviados \u00e0 zona de conflito. Nove deles est\u00e3o atendendo os brasileiros em Vars\u00f3via, na Pol\u00f4nia, e outros tr\u00eas em Lviv, na Ucr\u00e2nia.<\/p>\n\n\n\n<p><em>Fonte: R7<\/em><\/p>\n","protected":false},"excerpt":{"rendered":"<p>Coordenador de for\u00e7a-tarefa anunciou que 47 brasileiros e 17 ucranianos com la\u00e7os de fam\u00edlia no Brasil v\u00e3o ser repatriados<\/p>\n","protected":false},"author":2,"featured_media":41376,"comment_status":"open","ping_status":"open","sticky":false,"template":"","format":"standard","meta":{"om_disable_all_campaigns":false,"_monsterinsights_skip_tracking":false,"_monsterinsights_sitenote_active":false,"_monsterinsights_sitenote_note":"","_monsterinsights_sitenote_category":0,"footnotes":""},"categories":[34,70,35,69],"tags":[93,5273,885,3331],"class_list":["post-41401","post","type-post","status-publish","format-standard","has-post-thumbnail","hentry","category-brasil","category-destaques","category-mundo","category-noticias2","tag-brasil","tag-itamaraty","tag-resgate","tag-ucrania"],"aioseo_notices":[],"_links":{"self":[{"href":"https:\/\/www.portalalerta.com.br\/index.php\/wp-json\/wp\/v2\/posts\/41401","targetHints":{"allow":["GET"]}}],"collection":[{"href":"https:\/\/www.portalalerta.com.br\/index.php\/wp-json\/wp\/v2\/posts"}],"about":[{"href":"https:\/\/www.portalalerta.com.br\/index.php\/wp-json\/wp\/v2\/types\/post"}],"author":[{"embeddable":true,"href":"https:\/\/www.portalalerta.com.br\/index.php\/wp-json\/wp\/v2\/users\/2"}],"replies":[{"embeddable":true,"href":"https:\/\/www.portalalerta.com.br\/index.php\/wp-json\/wp\/v2\/comments?post=41401"}],"version-history":[{"count":1,"href":"https:\/\/www.portalalerta.com.br\/index.php\/wp-json\/wp\/v2\/posts\/41401\/revisions"}],"predecessor-version":[{"id":41402,"href":"https:\/\/www.portalalerta.com.br\/index.php\/wp-json\/wp\/v2\/posts\/41401\/revisions\/41402"}],"wp:featuredmedia":[{"embeddable":true,"href":"https:\/\/www.portalalerta.com.br\/index.php\/wp-json\/wp\/v2\/media\/41376"}],"wp:attachment":[{"href":"https:\/\/www.portalalerta.com.br\/index.php\/wp-json\/wp\/v2\/media?parent=41401"}],"wp:term":[{"taxonomy":"category","embeddable":true,"href":"https:\/\/www.portalalerta.com.br\/index.php\/wp-json\/wp\/v2\/categories?post=41401"},{"taxonomy":"post_tag","embeddable":true,"href":"https:\/\/www.portalalerta.com.br\/index.php\/wp-json\/wp\/v2\/tags?post=41401"}],"curies":[{"name":"wp","href":"https:\/\/api.w.org\/{rel}","templated":true}]}}