{"id":41424,"date":"2022-03-08T15:47:09","date_gmt":"2022-03-08T18:47:09","guid":{"rendered":"https:\/\/www.portalalerta.com.br\/?p=41424"},"modified":"2022-03-08T15:47:10","modified_gmt":"2022-03-08T18:47:10","slug":"casal-morre-apos-colisao-entre-moto-e-carro-em-tucano-ba","status":"publish","type":"post","link":"https:\/\/www.portalalerta.com.br\/index.php\/2022\/03\/08\/casal-morre-apos-colisao-entre-moto-e-carro-em-tucano-ba\/","title":{"rendered":"Casal morre ap\u00f3s colis\u00e3o entre moto e carro em Tucano-BA"},"content":{"rendered":"\n<p>Geraldo Silva Matos e Carmem L\u00facia Anuncia\u00e7\u00e3o Ara\u00fajo, de idades n\u00e3o divulgadas, morreram na noite do \u00faltimo domingo (6), ap\u00f3s a motocicleta em que estavam, ser atingida frontalmente por um carro de passeio na BR- 116 Norte. O acidente aconteceu por volta das 20:15hs, em uma localidade conhecida como Ponto do Coco, na zona rural de Tucano-BA.<\/p>\n\n\n\n<!--more-->\n\n\n\n<p>Segundo informa\u00e7\u00f5es, o casal morava na fazenda Mamona e estaria retornando da sede do munic\u00edpio, onde teria passado a tarde visitando familiares. Ainda de acordo com relatos, o casal deixa cinco filhos.<\/p>\n\n\n\n<p>O condutor do autom\u00f3vel Honda Fit, evadiu do local sem ser identificado.<\/p>\n\n\n\n<p>Guarni\u00e7\u00f5es da Guarda Civil Municipal de Tucano e agentes da Pol\u00edcia Rodovi\u00e1ria Federal, estiveram no local, registrando a ocorr\u00eancia.<\/p>\n\n\n\n<p>Os corpos das v\u00edtimas encaminhados para o Departamento de Pol\u00edcia T\u00e9cnica (DPT), da cidade de Euclides da Cunha, para serem necropsiados.<\/p>\n\n\n\n<p><em>Fonte: Gil Santos Not\u00edcias&nbsp;<\/em><em><\/em><\/p>\n","protected":false},"excerpt":{"rendered":"<p>Geraldo Silva Matos e Carmem L\u00facia Anuncia\u00e7\u00e3o Ara\u00fajo, de idades n\u00e3o divulgadas, morreram na noite do \u00faltimo domingo (6), ap\u00f3s a motocicleta em que estavam, ser atingida frontalmente por um carro de passeio na BR- 116 Norte. O acidente aconteceu por volta das 20:15hs, em uma localidade conhecida como Ponto do Coco, na zona rural &hellip;<\/p>\n","protected":false},"author":2,"featured_media":41425,"comment_status":"open","ping_status":"open","sticky":false,"template":"","format":"standard","meta":{"om_disable_all_campaigns":false,"_monsterinsights_skip_tracking":false,"_monsterinsights_sitenote_active":false,"_monsterinsights_sitenote_note":"","_monsterinsights_sitenote_category":0,"footnotes":""},"categories":[70,69,32,12],"tags":[166,289,169,190],"class_list":["post-41424","post","type-post","status-publish","format-standard","has-post-thumbnail","hentry","category-destaques","category-noticias2","category-regiao","category-tucano","tag-acidente","tag-br-116","tag-morte","tag-tucano"],"aioseo_notices":[],"_links":{"self":[{"href":"https:\/\/www.portalalerta.com.br\/index.php\/wp-json\/wp\/v2\/posts\/41424","targetHints":{"allow":["GET"]}}],"collection":[{"href":"https:\/\/www.portalalerta.com.br\/index.php\/wp-json\/wp\/v2\/posts"}],"about":[{"href":"https:\/\/www.portalalerta.com.br\/index.php\/wp-json\/wp\/v2\/types\/post"}],"author":[{"embeddable":true,"href":"https:\/\/www.portalalerta.com.br\/index.php\/wp-json\/wp\/v2\/users\/2"}],"replies":[{"embeddable":true,"href":"https:\/\/www.portalalerta.com.br\/index.php\/wp-json\/wp\/v2\/comments?post=41424"}],"version-history":[{"count":1,"href":"https:\/\/www.portalalerta.com.br\/index.php\/wp-json\/wp\/v2\/posts\/41424\/revisions"}],"predecessor-version":[{"id":41426,"href":"https:\/\/www.portalalerta.com.br\/index.php\/wp-json\/wp\/v2\/posts\/41424\/revisions\/41426"}],"wp:featuredmedia":[{"embeddable":true,"href":"https:\/\/www.portalalerta.com.br\/index.php\/wp-json\/wp\/v2\/media\/41425"}],"wp:attachment":[{"href":"https:\/\/www.portalalerta.com.br\/index.php\/wp-json\/wp\/v2\/media?parent=41424"}],"wp:term":[{"taxonomy":"category","embeddable":true,"href":"https:\/\/www.portalalerta.com.br\/index.php\/wp-json\/wp\/v2\/categories?post=41424"},{"taxonomy":"post_tag","embeddable":true,"href":"https:\/\/www.portalalerta.com.br\/index.php\/wp-json\/wp\/v2\/tags?post=41424"}],"curies":[{"name":"wp","href":"https:\/\/api.w.org\/{rel}","templated":true}]}}