{"id":41427,"date":"2022-03-09T07:00:00","date_gmt":"2022-03-09T10:00:00","guid":{"rendered":"https:\/\/www.portalalerta.com.br\/?p=41427"},"modified":"2022-03-09T00:10:35","modified_gmt":"2022-03-09T03:10:35","slug":"homem-joga-caminhao-contra-embaixada-da-russia-em-dublin","status":"publish","type":"post","link":"https:\/\/www.portalalerta.com.br\/index.php\/2022\/03\/09\/homem-joga-caminhao-contra-embaixada-da-russia-em-dublin\/","title":{"rendered":"Homem joga caminh\u00e3o contra embaixada da R\u00fassia em Dublin"},"content":{"rendered":"\n<p>Um homem foi preso em Dublin, capital da Irlanda, nesta segunda-feira (7) ap\u00f3s usar um caminh\u00e3o para bater nos port\u00f5es da embaixada da R\u00fassia.<\/p>\n\n\n\n<!--more-->\n\n\n\n<p>Um v\u00eddeo postado nas redes sociais mostra o momento em que o suspeito d\u00e1 uma r\u00e9 com o ve\u00edculo e abre os port\u00f5es em meio a um protesto contra a invas\u00e3o na Ucr\u00e2nia.<\/p>\n\n\n\n<p>O motorista, que vestia uma camisa preta com uma pomba branca, disse que fez isso pelo povo da Ucr\u00e2nia e que est\u00e1 revoltado com as cenas de\u00a0uma fam\u00edlia que foi morta em Irpin na noite passada.<\/p>\n\n\n\n<div class=\"wp-block-image\"><figure class=\"alignleft size-full is-resized\"><img fetchpriority=\"high\" decoding=\"async\" src=\"https:\/\/www.portalalerta.com.br\/wp-content\/uploads\/2021\/04\/ELAB.jpg\" alt=\"\" class=\"wp-image-34795\" width=\"413\" height=\"330\" srcset=\"https:\/\/www.portalalerta.com.br\/wp-content\/uploads\/2021\/04\/ELAB.jpg 1000w, https:\/\/www.portalalerta.com.br\/wp-content\/uploads\/2021\/04\/ELAB-300x240.jpg 300w, https:\/\/www.portalalerta.com.br\/wp-content\/uploads\/2021\/04\/ELAB-768x614.jpg 768w, https:\/\/www.portalalerta.com.br\/wp-content\/uploads\/2021\/04\/ELAB-183x146.jpg 183w, https:\/\/www.portalalerta.com.br\/wp-content\/uploads\/2021\/04\/ELAB-50x40.jpg 50w, https:\/\/www.portalalerta.com.br\/wp-content\/uploads\/2021\/04\/ELAB-94x75.jpg 94w\" sizes=\"(max-width: 413px) 100vw, 413px\" \/><\/figure><\/div>\n\n\n\n<p>De acordo com a pol\u00edcia, o homem foi detido no local e encaminhado para a delegacia de Rathfarnham Garda para ser ouvido durante a investiga\u00e7\u00e3o do incidente.<\/p>\n\n\n\n<p>Nikita Isakin, assessor de imprensa da Embaixada da R\u00fassia, disse que o incidente \u00e9 de extrema preocupa\u00e7\u00e3o e pediu mais seguran\u00e7a por parte da pol\u00edcia irlandesa.<\/p>\n\n\n\n<p><strong><em>\u201cA Embaixada condena veementemente este ato criminoso de insanidade dirigido contra miss\u00e3o diplom\u00e1tica pac\u00edfica. A Embaixada v\u00ea este incidente como uma viola\u00e7\u00e3o clara e flagrante do Artigo 22 da Conven\u00e7\u00e3o de Viena sobre Rela\u00e7\u00f5es Diplom\u00e1ticas\u201d, <\/em><\/strong>declarou Nikita<em>.<\/em><\/p>\n\n\n\n<p>Segundo ele, a embaixada est\u00e1 em contato com o Departamento de Rela\u00e7\u00f5es Exteriores da Irlanda para que as autoridades tomem medidas abrangentes para garantir a seguran\u00e7a de seus funcion\u00e1rios e familiares.<\/p>\n\n\n\n<p><strong>Protesto na R\u00fassia<\/strong><\/p>\n\n\n\n<p>Al\u00e9m das manifesta\u00e7\u00f5es registradas em toda a Europa, os russos tamb\u00e9m foram \u00e0s ruas para questionar as a\u00e7\u00f5es do presidente Vladimir Putin.<\/p>\n\n\n\n<p>Como os protestos contra a invas\u00e3o est\u00e3o proibidos na R\u00fassia,&nbsp;<a href=\"https:\/\/esportes.yahoo.com\/noticias\/mais-5-000-manifestantes-detidos-103415119.html\"><strong>mais de 5 mil pessoas foram presas somente nesse domingo<\/strong>&nbsp;<\/a>em todo o pa\u00eds.<\/p>\n\n\n\n<p>V\u00e1rios ativistas publicaram imagens nas redes sociais que mostram deten\u00e7\u00f5es brutais, com agress\u00f5es.<\/p>\n\n\n\n<p>Para silenciar as cr\u00edticas, as autoridades russas aprovaram na \u00faltima sexta-feira uma nova lei que reprime &#8220;informa\u00e7\u00f5es falsas&#8221; sobre as atividades do ex\u00e9rcito russo na Ucr\u00e2nia. De acordo com o texto, as penas variam de multa a 15 anos de pris\u00e3o.<\/p>\n\n\n\n<p><em>Fonte: Yahoo Not\u00edcias<\/em><\/p>\n","protected":false},"excerpt":{"rendered":"<p>Um homem foi preso em Dublin, capital da Irlanda, nesta segunda-feira (7) ap\u00f3s usar um caminh\u00e3o para bater nos port\u00f5es da embaixada da R\u00fassia.<\/p>\n","protected":false},"author":2,"featured_media":41428,"comment_status":"open","ping_status":"open","sticky":false,"template":"","format":"standard","meta":{"om_disable_all_campaigns":false,"_monsterinsights_skip_tracking":false,"_monsterinsights_sitenote_active":false,"_monsterinsights_sitenote_note":"","_monsterinsights_sitenote_category":0,"footnotes":""},"categories":[70,35,69],"tags":[374,3218,835,339,826],"class_list":["post-41427","post","type-post","status-publish","format-standard","has-post-thumbnail","hentry","category-destaques","category-mundo","category-noticias2","tag-atentado","tag-embaixada","tag-guerra","tag-mundo","tag-russia"],"aioseo_notices":[],"_links":{"self":[{"href":"https:\/\/www.portalalerta.com.br\/index.php\/wp-json\/wp\/v2\/posts\/41427","targetHints":{"allow":["GET"]}}],"collection":[{"href":"https:\/\/www.portalalerta.com.br\/index.php\/wp-json\/wp\/v2\/posts"}],"about":[{"href":"https:\/\/www.portalalerta.com.br\/index.php\/wp-json\/wp\/v2\/types\/post"}],"author":[{"embeddable":true,"href":"https:\/\/www.portalalerta.com.br\/index.php\/wp-json\/wp\/v2\/users\/2"}],"replies":[{"embeddable":true,"href":"https:\/\/www.portalalerta.com.br\/index.php\/wp-json\/wp\/v2\/comments?post=41427"}],"version-history":[{"count":1,"href":"https:\/\/www.portalalerta.com.br\/index.php\/wp-json\/wp\/v2\/posts\/41427\/revisions"}],"predecessor-version":[{"id":41429,"href":"https:\/\/www.portalalerta.com.br\/index.php\/wp-json\/wp\/v2\/posts\/41427\/revisions\/41429"}],"wp:featuredmedia":[{"embeddable":true,"href":"https:\/\/www.portalalerta.com.br\/index.php\/wp-json\/wp\/v2\/media\/41428"}],"wp:attachment":[{"href":"https:\/\/www.portalalerta.com.br\/index.php\/wp-json\/wp\/v2\/media?parent=41427"}],"wp:term":[{"taxonomy":"category","embeddable":true,"href":"https:\/\/www.portalalerta.com.br\/index.php\/wp-json\/wp\/v2\/categories?post=41427"},{"taxonomy":"post_tag","embeddable":true,"href":"https:\/\/www.portalalerta.com.br\/index.php\/wp-json\/wp\/v2\/tags?post=41427"}],"curies":[{"name":"wp","href":"https:\/\/api.w.org\/{rel}","templated":true}]}}