{"id":41433,"date":"2022-03-09T07:02:00","date_gmt":"2022-03-09T10:02:00","guid":{"rendered":"https:\/\/www.portalalerta.com.br\/?p=41433"},"modified":"2022-03-09T08:30:25","modified_gmt":"2022-03-09T11:30:25","slug":"rui-antecipa-decreto-e-amplia-publico-em-eventos-para-ate-8-mil-pessoas-na-bahia","status":"publish","type":"post","link":"https:\/\/www.portalalerta.com.br\/index.php\/2022\/03\/09\/rui-antecipa-decreto-e-amplia-publico-em-eventos-para-ate-8-mil-pessoas-na-bahia\/","title":{"rendered":"Rui antecipa decreto e amplia p\u00fablico em eventos para at\u00e9 8 mil pessoas na Bahia"},"content":{"rendered":"\n<p>O Governo da Bahia antecipou o an\u00fancio de amplia\u00e7\u00e3o de p\u00fablico em eventos e p\u00fablicos no estado. Em decreto publicado na noite desta ter\u00e7a-feira (8) no Di\u00e1rio Oficial, foi ampliado em todo o territ\u00f3rio baiano para 8 mil pessoas o p\u00fablico em shows e demais eventos.&nbsp;<\/p>\n\n\n\n<!--more-->\n\n\n\n<p>A medida passa a valer nesta quarta-feira (9) at\u00e9 o dia 18 deste m\u00eas. Al\u00e9m disso, os est\u00e1dios de futebol passam a receber 50% da sua ocupa\u00e7\u00e3o m\u00e1xima.&nbsp;<\/p>\n\n\n\n<div class=\"wp-block-image\"><figure class=\"alignleft size-large is-resized\"><img fetchpriority=\"high\" decoding=\"async\" src=\"https:\/\/www.portalalerta.com.br\/wp-content\/uploads\/2022\/03\/Real-Calcados-Estilo-e-Moda-para-Voce-1024x459.jpeg\" alt=\"\" class=\"wp-image-41407\" width=\"370\" height=\"166\"\/><\/figure><\/div>\n\n\n\n<p>J\u00e1 os espa\u00e7os culturais, cinemas e teatros funcionar\u00e3o com a capacidade total&nbsp;do local, respeitados os protocolos&nbsp;sanit\u00e1rios estabelecidos.<\/p>\n\n\n\n<p>Ainda de acordo com o decreto, para ter acesso aos eventos e reparti\u00e7\u00f5es p\u00fablicas do estado \u00e9 necess\u00e1rio a apresenta\u00e7\u00e3o do cart\u00e3o de vacina\u00e7\u00e3o contra a Covid-19, com pelo menos as duas doses.&nbsp;<\/p>\n\n\n\n<p><strong>S\u00c3O JO\u00c3O<\/strong><\/p>\n\n\n\n<p>O governador Rui Costa afirmou na \u00faltima sexta-feira (4) que h\u00e1 a possibilidade da realiza\u00e7\u00e3o do S\u00e3o Jo\u00e3o na Bahia, ap\u00f3s dois anos de cancelamento.<\/p>\n\n\n\n<p><strong><em>&#8220;A expectativa \u00e9 que o n\u00famero [de casos] continuem caindo. O S\u00e3o Jo\u00e3o est\u00e1 dentro do nosso planejamento porque a gente acredita fortemente e todos os dados indicam isso que o n\u00famero continuar\u00e1 caindo em mar\u00e7o e abril e n\u00f3s chegaremos em maio com um n\u00famero baixo de contamina\u00e7\u00e3o. Se isso ocorrer, tudo indica que podemos ter o S\u00e3o Jo\u00e3o&#8221;<\/em><\/strong>, disse Rui.&nbsp;<\/p>\n\n\n\n<p><em>Fonte: Bahia Not\u00edcias<\/em><\/p>\n","protected":false},"excerpt":{"rendered":"<p>O Governo da Bahia antecipou o an\u00fancio de amplia\u00e7\u00e3o de p\u00fablico em eventos e p\u00fablicos no estado. Em decreto publicado na noite desta ter\u00e7a-feira (8) no Di\u00e1rio Oficial, foi ampliado em todo o territ\u00f3rio baiano para 8 mil pessoas o p\u00fablico em shows e demais eventos.&nbsp;<\/p>\n","protected":false},"author":2,"featured_media":22949,"comment_status":"open","ping_status":"open","sticky":false,"template":"","format":"standard","meta":{"om_disable_all_campaigns":false,"_monsterinsights_skip_tracking":false,"_monsterinsights_sitenote_active":false,"_monsterinsights_sitenote_note":"","_monsterinsights_sitenote_category":0,"footnotes":""},"categories":[33,70,36,69,19],"tags":[54,3429,3486,3919,283,282,61],"class_list":["post-41433","post","type-post","status-publish","format-standard","has-post-thumbnail","hentry","category-bahia","category-destaques","category-lazer","category-noticias2","category-saude","tag-bahia","tag-coronavirus","tag-covid-19","tag-eventos","tag-governador","tag-rui-costa","tag-saude"],"aioseo_notices":[],"_links":{"self":[{"href":"https:\/\/www.portalalerta.com.br\/index.php\/wp-json\/wp\/v2\/posts\/41433","targetHints":{"allow":["GET"]}}],"collection":[{"href":"https:\/\/www.portalalerta.com.br\/index.php\/wp-json\/wp\/v2\/posts"}],"about":[{"href":"https:\/\/www.portalalerta.com.br\/index.php\/wp-json\/wp\/v2\/types\/post"}],"author":[{"embeddable":true,"href":"https:\/\/www.portalalerta.com.br\/index.php\/wp-json\/wp\/v2\/users\/2"}],"replies":[{"embeddable":true,"href":"https:\/\/www.portalalerta.com.br\/index.php\/wp-json\/wp\/v2\/comments?post=41433"}],"version-history":[{"count":2,"href":"https:\/\/www.portalalerta.com.br\/index.php\/wp-json\/wp\/v2\/posts\/41433\/revisions"}],"predecessor-version":[{"id":41441,"href":"https:\/\/www.portalalerta.com.br\/index.php\/wp-json\/wp\/v2\/posts\/41433\/revisions\/41441"}],"wp:featuredmedia":[{"embeddable":true,"href":"https:\/\/www.portalalerta.com.br\/index.php\/wp-json\/wp\/v2\/media\/22949"}],"wp:attachment":[{"href":"https:\/\/www.portalalerta.com.br\/index.php\/wp-json\/wp\/v2\/media?parent=41433"}],"wp:term":[{"taxonomy":"category","embeddable":true,"href":"https:\/\/www.portalalerta.com.br\/index.php\/wp-json\/wp\/v2\/categories?post=41433"},{"taxonomy":"post_tag","embeddable":true,"href":"https:\/\/www.portalalerta.com.br\/index.php\/wp-json\/wp\/v2\/tags?post=41433"}],"curies":[{"name":"wp","href":"https:\/\/api.w.org\/{rel}","templated":true}]}}