{"id":41443,"date":"2022-03-09T19:41:18","date_gmt":"2022-03-09T22:41:18","guid":{"rendered":"https:\/\/www.portalalerta.com.br\/?p=41443"},"modified":"2022-03-09T19:41:19","modified_gmt":"2022-03-09T22:41:19","slug":"russia-propoe-novo-cessar-fogo-temporario-em-kiev-e-mais-4-cidades","status":"publish","type":"post","link":"https:\/\/www.portalalerta.com.br\/index.php\/2022\/03\/09\/russia-propoe-novo-cessar-fogo-temporario-em-kiev-e-mais-4-cidades\/","title":{"rendered":"R\u00fassia prop\u00f5e novo cessar-fogo tempor\u00e1rio em Kiev e mais 4 cidades"},"content":{"rendered":"\n<p>A&nbsp;R\u00fassia prop\u00f4s um novo cessar-fogo tempor\u00e1rio&nbsp;a partir das 10h, hor\u00e1rio de Moscou (4h em Bras\u00edlia), desta quarta-feira (9), em Kiev e mais quatro cidades.<\/p>\n\n\n\n<!--more-->\n\n\n\n<p>Segundo a ag\u00eancia de not\u00edcias russa Tass, o governo estaria pronto para fornecer&nbsp;corredores humanit\u00e1rios para evacua\u00e7\u00e3o de civis.<\/p>\n\n\n\n<p>A pausa no conflito acontecer\u00e1, segundo comunicado, nas cidades de:<\/p>\n\n\n\n<div class=\"wp-block-image\"><figure class=\"alignright size-full is-resized\"><img fetchpriority=\"high\" decoding=\"async\" src=\"https:\/\/www.portalalerta.com.br\/wp-content\/uploads\/2021\/04\/ELAB.jpg\" alt=\"\" class=\"wp-image-34795\" width=\"387\" height=\"309\" srcset=\"https:\/\/www.portalalerta.com.br\/wp-content\/uploads\/2021\/04\/ELAB.jpg 1000w, https:\/\/www.portalalerta.com.br\/wp-content\/uploads\/2021\/04\/ELAB-300x240.jpg 300w, https:\/\/www.portalalerta.com.br\/wp-content\/uploads\/2021\/04\/ELAB-768x614.jpg 768w, https:\/\/www.portalalerta.com.br\/wp-content\/uploads\/2021\/04\/ELAB-183x146.jpg 183w, https:\/\/www.portalalerta.com.br\/wp-content\/uploads\/2021\/04\/ELAB-50x40.jpg 50w, https:\/\/www.portalalerta.com.br\/wp-content\/uploads\/2021\/04\/ELAB-94x75.jpg 94w\" sizes=\"(max-width: 387px) 100vw, 387px\" \/><\/figure><\/div>\n\n\n\n<ul class=\"wp-block-list\"><li>Kiev<\/li><li>Chernihiv<\/li><li>Sumy<\/li><li>Kharkiv<\/li><li>Mariupol<\/li><\/ul>\n\n\n\n<p>Segundo a CNN Internacional, o lado russo prop\u00f5e que Kiev notifique os representantes das embaixadas de estados estrangeiros e organiza\u00e7\u00f5es internacionais localizadas no territ\u00f3rio da Ucr\u00e2nia sobre o cessar-fogo para providenciar corredores humanit\u00e1rios at\u00e9 as 3h de Moscou.<\/p>\n\n\n\n<p>Para a cria\u00e7\u00e3o dos corredores humanit\u00e1rios, \u00e9 preciso que a vice-primeira-ministra ucraniana, Iryna Vereshchuk, aprove o acordo.<\/p>\n\n\n\n<p><strong>Ucr\u00e2nia acusa R\u00fassia de impedir evacua\u00e7\u00f5es<\/strong><\/p>\n\n\n\n<p>O governo ucraniano vem denunciando viola\u00e7\u00f5es da R\u00fassia mesmo nos chamados corredores humanit\u00e1rios.<\/p>\n\n\n\n<p>A\u00a0R\u00fassia j\u00e1 havia declarado um cessar-fogo nesta ter\u00e7a-feira (8) para cinco cidades ucranianas, incluindo Kiev, Chernihiv, Sumy, Kharkiv e Mariupol. Na noite de segunda-feira (7), por\u00e9m, Sumy foi bombardeada pelos russos, deixando ao menos 21 mortos.<\/p>\n\n\n\n<p>Em Kiev, relatos d\u00e3o conta de que a opera\u00e7\u00e3o de trens na capital funcionou nesta ter\u00e7a-feira com trens saindo e chegando. Os que partem est\u00e3o lotados, e os que chegam est\u00e3o praticamente vazios.<\/p>\n\n\n\n<p>Segundo o jornal New York Times, o presidente da Ucr\u00e2nia Volodymyr Zelensky alegou que o fracasso em abrir corredores humanit\u00e1rios para evacuar milhares de pessoas foi uma trag\u00e9dia agravada pelo fato de o pa\u00eds n\u00e3o ter armas para se proteger de uma enxurrada de m\u00edsseis e bombardeios a\u00e9reos.<\/p>\n\n\n\n<p><strong><em>\u201cA culpa por cada morte de cada pessoa na Ucr\u00e2nia por ataques a\u00e9reos e em cidades bloqueadas [devido aos corredores humanit\u00e1rios] \u00e9 do Estado russo, dos militares russos\u201d<\/em><\/strong><em>, <\/em>disse ele<em>.<\/em><\/p>\n\n\n\n<p><em>Fonte: Yahoo Not\u00edcias<\/em><\/p>\n","protected":false},"excerpt":{"rendered":"<p>A&nbsp;R\u00fassia prop\u00f4s um novo cessar-fogo tempor\u00e1rio&nbsp;a partir das 10h, hor\u00e1rio de Moscou (4h em Bras\u00edlia), desta quarta-feira (9), em Kiev e mais quatro cidades.<\/p>\n","protected":false},"author":2,"featured_media":41417,"comment_status":"open","ping_status":"open","sticky":false,"template":"","format":"standard","meta":{"om_disable_all_campaigns":false,"_monsterinsights_skip_tracking":false,"_monsterinsights_sitenote_active":false,"_monsterinsights_sitenote_note":"","_monsterinsights_sitenote_category":0,"footnotes":""},"categories":[70,35,69],"tags":[5281,339,826,3331],"class_list":["post-41443","post","type-post","status-publish","format-standard","has-post-thumbnail","hentry","category-destaques","category-mundo","category-noticias2","tag-corredor-humanitario","tag-mundo","tag-russia","tag-ucrania"],"aioseo_notices":[],"_links":{"self":[{"href":"https:\/\/www.portalalerta.com.br\/index.php\/wp-json\/wp\/v2\/posts\/41443","targetHints":{"allow":["GET"]}}],"collection":[{"href":"https:\/\/www.portalalerta.com.br\/index.php\/wp-json\/wp\/v2\/posts"}],"about":[{"href":"https:\/\/www.portalalerta.com.br\/index.php\/wp-json\/wp\/v2\/types\/post"}],"author":[{"embeddable":true,"href":"https:\/\/www.portalalerta.com.br\/index.php\/wp-json\/wp\/v2\/users\/2"}],"replies":[{"embeddable":true,"href":"https:\/\/www.portalalerta.com.br\/index.php\/wp-json\/wp\/v2\/comments?post=41443"}],"version-history":[{"count":1,"href":"https:\/\/www.portalalerta.com.br\/index.php\/wp-json\/wp\/v2\/posts\/41443\/revisions"}],"predecessor-version":[{"id":41444,"href":"https:\/\/www.portalalerta.com.br\/index.php\/wp-json\/wp\/v2\/posts\/41443\/revisions\/41444"}],"wp:featuredmedia":[{"embeddable":true,"href":"https:\/\/www.portalalerta.com.br\/index.php\/wp-json\/wp\/v2\/media\/41417"}],"wp:attachment":[{"href":"https:\/\/www.portalalerta.com.br\/index.php\/wp-json\/wp\/v2\/media?parent=41443"}],"wp:term":[{"taxonomy":"category","embeddable":true,"href":"https:\/\/www.portalalerta.com.br\/index.php\/wp-json\/wp\/v2\/categories?post=41443"},{"taxonomy":"post_tag","embeddable":true,"href":"https:\/\/www.portalalerta.com.br\/index.php\/wp-json\/wp\/v2\/tags?post=41443"}],"curies":[{"name":"wp","href":"https:\/\/api.w.org\/{rel}","templated":true}]}}