{"id":41445,"date":"2022-03-09T19:48:57","date_gmt":"2022-03-09T22:48:57","guid":{"rendered":"https:\/\/www.portalalerta.com.br\/?p=41445"},"modified":"2022-03-09T19:48:58","modified_gmt":"2022-03-09T22:48:58","slug":"acelera-capital-novo-programa-de-desenvolvimento-de-ribeira-do-pombal-ba","status":"publish","type":"post","link":"https:\/\/www.portalalerta.com.br\/index.php\/2022\/03\/09\/acelera-capital-novo-programa-de-desenvolvimento-de-ribeira-do-pombal-ba\/","title":{"rendered":"Acelera Capital, novo programa de desenvolvimento de Ribeira do Pombal-BA"},"content":{"rendered":"\n<p>A Prefeitura de Ribeira do Pombal-BA entra num novo momento, que ser\u00e1 marcado por investimentos e amplo n\u00famero de obras tocadas entre a sede e no interior do munic\u00edpio. \u00c9 o <strong>\u201cAcelera Capital\u201d<\/strong>, um conjunto de interven\u00e7\u00f5es em \u00e1reas priorit\u00e1rias de infraestrutura que foram planejadas a partir da escuta feita nas comunidades e chegam para acelerar o desenvolvimento da Capital do Semi\u00e1rido.<\/p>\n\n\n\n<!--more-->\n\n\n\n<div class=\"wp-block-image\"><figure class=\"aligncenter size-full\"><img fetchpriority=\"high\" decoding=\"async\" width=\"720\" height=\"181\" src=\"https:\/\/www.portalalerta.com.br\/wp-content\/uploads\/2018\/02\/Auto-Escola-Nobre.jpg\" alt=\"\" class=\"wp-image-4869\" srcset=\"https:\/\/www.portalalerta.com.br\/wp-content\/uploads\/2018\/02\/Auto-Escola-Nobre.jpg 720w, https:\/\/www.portalalerta.com.br\/wp-content\/uploads\/2018\/02\/Auto-Escola-Nobre-260x65.jpg 260w, https:\/\/www.portalalerta.com.br\/wp-content\/uploads\/2018\/02\/Auto-Escola-Nobre-50x13.jpg 50w, https:\/\/www.portalalerta.com.br\/wp-content\/uploads\/2018\/02\/Auto-Escola-Nobre-150x38.jpg 150w\" sizes=\"(max-width: 720px) 100vw, 720px\" \/><\/figure><\/div>\n\n\n\n<p>O lan\u00e7amento do novo programa acontece j\u00e1 no pr\u00f3ximo s\u00e1bado, dia 12 de mar\u00e7o, \u00e0s 9, na Pra\u00e7a da Juventude, quando o Prefeito Eriksson Silva, assinar\u00e1 dezenas de Ordens de Servi\u00e7o e autorizar\u00e1 outras v\u00e1rias ordens de Licita\u00e7\u00e3o. O evento confirma a nova fase de crescimento que vive Ribeira do Pombal de tranquilidade e avan\u00e7o. <strong><em>\u201c\u2026Nesse momento ser\u00e3o mais de 30 obras e a partir de agora \u00e9 acelerar ainda mais o desenvolvimento da Capital do Semi\u00e1rido\u201d,<\/em><\/strong> disse Eriksson.<\/p>\n\n\n\n<p><em>Fonte: SECOM\/ Ribeira do Pombal<\/em><\/p>\n","protected":false},"excerpt":{"rendered":"<p>A Prefeitura de Ribeira do Pombal-BA entra num novo momento, que ser\u00e1 marcado por investimentos e amplo n\u00famero de obras tocadas entre a sede e no interior do munic\u00edpio. \u00c9 o \u201cAcelera Capital\u201d, um conjunto de interven\u00e7\u00f5es em \u00e1reas priorit\u00e1rias de infraestrutura que foram planejadas a partir da escuta feita nas comunidades e chegam para &hellip;<\/p>\n","protected":false},"author":2,"featured_media":41446,"comment_status":"open","ping_status":"open","sticky":false,"template":"","format":"standard","meta":{"om_disable_all_campaigns":false,"_monsterinsights_skip_tracking":false,"_monsterinsights_sitenote_active":false,"_monsterinsights_sitenote_note":"","_monsterinsights_sitenote_category":0,"footnotes":""},"categories":[70,69,21,32,3],"tags":[5282,145,47],"class_list":["post-41445","post","type-post","status-publish","format-standard","has-post-thumbnail","hentry","category-destaques","category-noticias2","category-politica","category-regiao","category-ribeira-do-pombal","tag-acelera-capital","tag-prefeitura","tag-ribeira-do-pombal"],"aioseo_notices":[],"_links":{"self":[{"href":"https:\/\/www.portalalerta.com.br\/index.php\/wp-json\/wp\/v2\/posts\/41445","targetHints":{"allow":["GET"]}}],"collection":[{"href":"https:\/\/www.portalalerta.com.br\/index.php\/wp-json\/wp\/v2\/posts"}],"about":[{"href":"https:\/\/www.portalalerta.com.br\/index.php\/wp-json\/wp\/v2\/types\/post"}],"author":[{"embeddable":true,"href":"https:\/\/www.portalalerta.com.br\/index.php\/wp-json\/wp\/v2\/users\/2"}],"replies":[{"embeddable":true,"href":"https:\/\/www.portalalerta.com.br\/index.php\/wp-json\/wp\/v2\/comments?post=41445"}],"version-history":[{"count":1,"href":"https:\/\/www.portalalerta.com.br\/index.php\/wp-json\/wp\/v2\/posts\/41445\/revisions"}],"predecessor-version":[{"id":41447,"href":"https:\/\/www.portalalerta.com.br\/index.php\/wp-json\/wp\/v2\/posts\/41445\/revisions\/41447"}],"wp:featuredmedia":[{"embeddable":true,"href":"https:\/\/www.portalalerta.com.br\/index.php\/wp-json\/wp\/v2\/media\/41446"}],"wp:attachment":[{"href":"https:\/\/www.portalalerta.com.br\/index.php\/wp-json\/wp\/v2\/media?parent=41445"}],"wp:term":[{"taxonomy":"category","embeddable":true,"href":"https:\/\/www.portalalerta.com.br\/index.php\/wp-json\/wp\/v2\/categories?post=41445"},{"taxonomy":"post_tag","embeddable":true,"href":"https:\/\/www.portalalerta.com.br\/index.php\/wp-json\/wp\/v2\/tags?post=41445"}],"curies":[{"name":"wp","href":"https:\/\/api.w.org\/{rel}","templated":true}]}}