{"id":41451,"date":"2022-03-09T20:07:58","date_gmt":"2022-03-09T23:07:58","guid":{"rendered":"https:\/\/www.portalalerta.com.br\/?p=41451"},"modified":"2022-03-09T20:08:00","modified_gmt":"2022-03-09T23:08:00","slug":"agricultor-morre-apos-ser-atingido-por-disparo-de-espingarda-no-povoado-de-soares-em-euclides-da-cunha-ba","status":"publish","type":"post","link":"https:\/\/www.portalalerta.com.br\/index.php\/2022\/03\/09\/agricultor-morre-apos-ser-atingido-por-disparo-de-espingarda-no-povoado-de-soares-em-euclides-da-cunha-ba\/","title":{"rendered":"Agricultor morre ap\u00f3s ser atingido por disparo de espingarda no povoado de Soares, em Euclides da Cunha-BA"},"content":{"rendered":"\n<p>Um agricultor conhecido como Jo\u00e3o dos Reis morreu ap\u00f3s ser atingido por disparo de uma arma de fogo na zona rural do munic\u00edpio de Euclides da Cunha. O fato aconteceu na tarde desta ter\u00e7a-feira (8), no povoado de Soares.<\/p>\n\n\n\n<!--more-->\n\n\n\n<p>Segundo consta, um barulho semelhante a um disparo de arma de fogo foi ouvido por uma mulher que mora na proximidade do povoado, em seguida, ela ouviu pedidos de socorros, e, de imediato, acorreu ao local previsto, onde conseguiu encontrar o homem j\u00e1 ensanguentado e pediu ajuda a moradores mais pr\u00f3ximos. Populares providenciaram um ve\u00edculo para levar a v\u00edtima para a cidade, mas na proximidade do povoado do Mendes Cardoso (Tucucuru) \u2013 metade do percurso \u2013 foi constatado o \u00f3bito.<\/p>\n\n\n\n<p>Informa\u00e7\u00f5es complementares d\u00e3o conta que o agricultor teria ido ca\u00e7ar e pode ter sido atingido acidentalmente pela arma do tipo espingarda que ele mesmo manejara.<\/p>\n\n\n\n<p>A Pol\u00edcia Civil local deever\u00e1 investigar o caso.<\/p>\n\n\n\n<p><em>Por euclidesdacunha.com<\/em><\/p>\n","protected":false},"excerpt":{"rendered":"<p>Um agricultor conhecido como Jo\u00e3o dos Reis morreu ap\u00f3s ser atingido por disparo de uma arma de fogo na zona rural do munic\u00edpio de Euclides da Cunha. O fato aconteceu na tarde desta ter\u00e7a-feira (8), no povoado de Soares.<\/p>\n","protected":false},"author":2,"featured_media":41452,"comment_status":"open","ping_status":"open","sticky":false,"template":"","format":"standard","meta":{"om_disable_all_campaigns":false,"_monsterinsights_skip_tracking":false,"_monsterinsights_sitenote_active":false,"_monsterinsights_sitenote_note":"","_monsterinsights_sitenote_category":0,"footnotes":""},"categories":[70,17,69,32,22],"tags":[2902,129,169,164],"class_list":["post-41451","post","type-post","status-publish","format-standard","has-post-thumbnail","hentry","category-destaques","category-euclides-da-cunha","category-noticias2","category-regiao","category-seguranca","tag-disparo-acidental","tag-euclides-da-cunha","tag-morte","tag-tiros"],"aioseo_notices":[],"_links":{"self":[{"href":"https:\/\/www.portalalerta.com.br\/index.php\/wp-json\/wp\/v2\/posts\/41451","targetHints":{"allow":["GET"]}}],"collection":[{"href":"https:\/\/www.portalalerta.com.br\/index.php\/wp-json\/wp\/v2\/posts"}],"about":[{"href":"https:\/\/www.portalalerta.com.br\/index.php\/wp-json\/wp\/v2\/types\/post"}],"author":[{"embeddable":true,"href":"https:\/\/www.portalalerta.com.br\/index.php\/wp-json\/wp\/v2\/users\/2"}],"replies":[{"embeddable":true,"href":"https:\/\/www.portalalerta.com.br\/index.php\/wp-json\/wp\/v2\/comments?post=41451"}],"version-history":[{"count":1,"href":"https:\/\/www.portalalerta.com.br\/index.php\/wp-json\/wp\/v2\/posts\/41451\/revisions"}],"predecessor-version":[{"id":41453,"href":"https:\/\/www.portalalerta.com.br\/index.php\/wp-json\/wp\/v2\/posts\/41451\/revisions\/41453"}],"wp:featuredmedia":[{"embeddable":true,"href":"https:\/\/www.portalalerta.com.br\/index.php\/wp-json\/wp\/v2\/media\/41452"}],"wp:attachment":[{"href":"https:\/\/www.portalalerta.com.br\/index.php\/wp-json\/wp\/v2\/media?parent=41451"}],"wp:term":[{"taxonomy":"category","embeddable":true,"href":"https:\/\/www.portalalerta.com.br\/index.php\/wp-json\/wp\/v2\/categories?post=41451"},{"taxonomy":"post_tag","embeddable":true,"href":"https:\/\/www.portalalerta.com.br\/index.php\/wp-json\/wp\/v2\/tags?post=41451"}],"curies":[{"name":"wp","href":"https:\/\/api.w.org\/{rel}","templated":true}]}}