{"id":41456,"date":"2022-03-10T08:53:03","date_gmt":"2022-03-10T11:53:03","guid":{"rendered":"https:\/\/www.portalalerta.com.br\/?p=41456"},"modified":"2022-03-10T08:53:04","modified_gmt":"2022-03-10T11:53:04","slug":"professores-protestam-e-sindicato-negocia-reajuste-salarial-em-ribeira-do-pombal-ba","status":"publish","type":"post","link":"https:\/\/www.portalalerta.com.br\/index.php\/2022\/03\/10\/professores-protestam-e-sindicato-negocia-reajuste-salarial-em-ribeira-do-pombal-ba\/","title":{"rendered":"Professores protestam, e Sindicato negocia reajuste salarial em Ribeira do Pombal-BA"},"content":{"rendered":"\n<p>A manh\u00e3 desta quarta-feira (09), foi bastante movimentada entre os profissionais da educa\u00e7\u00e3o municipal em Ribeira do Pombal-BA.<\/p>\n\n\n\n<!--more-->\n\n\n\n<p>Um grupo de professores se reuniu na Pra\u00e7a da Secretaria Municipal de Sa\u00fade, onde realizou um protesto. Embora nenhum representante tenha procurado a Reda\u00e7\u00e3o do PORTAL ALERTA, acredita-se que a manifesta\u00e7\u00e3o tenha rela\u00e7\u00e3o com o reajuste salarial.<\/p>\n\n\n\n<div class=\"wp-block-image\"><figure class=\"aligncenter size-full\"><img fetchpriority=\"high\" decoding=\"async\" width=\"720\" height=\"181\" src=\"https:\/\/www.portalalerta.com.br\/wp-content\/uploads\/2018\/02\/Auto-Escola-Nobre.jpg\" alt=\"\" class=\"wp-image-4869\" srcset=\"https:\/\/www.portalalerta.com.br\/wp-content\/uploads\/2018\/02\/Auto-Escola-Nobre.jpg 720w, https:\/\/www.portalalerta.com.br\/wp-content\/uploads\/2018\/02\/Auto-Escola-Nobre-260x65.jpg 260w, https:\/\/www.portalalerta.com.br\/wp-content\/uploads\/2018\/02\/Auto-Escola-Nobre-50x13.jpg 50w, https:\/\/www.portalalerta.com.br\/wp-content\/uploads\/2018\/02\/Auto-Escola-Nobre-150x38.jpg 150w\" sizes=\"(max-width: 720px) 100vw, 720px\" \/><\/figure><\/div>\n\n\n\n<p>Por outro lado, o SINPROERP (Sindicato dos Profissionais de Educa\u00e7\u00e3o de Ribeira do Pombal), estava reunido com a gest\u00e3o municipal, justamente para discutir o reajuste. Uma comiss\u00e3o dos professores, tamb\u00e9m se fez presente \u00e0 reuni\u00e3o.<\/p>\n\n\n\n<p>De acordo com o Presidente do SINPROERP, o professor Adielton, ao t\u00e9rmino da reuni\u00e3o ficou acertado que: <strong><em>\u201cser\u00e1 feito um ajuste de contabilidade ainda nesta quarta-feira, confrontando os c\u00e1lculos do Sindicato e Comiss\u00e3o dos Professores com os do munic\u00edpio, os quais ap\u00f3s uma an\u00e1lise s\u00e9ria das contas e repasses do FUNDEB, ser\u00e1 poss\u00edvel chegar a um valor porcentagem que ser\u00e1 discutido em outra reuni\u00e3o nesta quinta (10), com a administra\u00e7\u00e3o, sendo posto em assembleia tamb\u00e9m no mesmo dia\u201d<\/em><\/strong>.<\/p>\n\n\n\n<p><em>Reda\u00e7\u00e3o: Portal Alerta<\/em><\/p>\n","protected":false},"excerpt":{"rendered":"<p>A manh\u00e3 desta quarta-feira (09), foi bastante movimentada entre os profissionais da educa\u00e7\u00e3o municipal em Ribeira do Pombal-BA.<\/p>\n","protected":false},"author":2,"featured_media":29019,"comment_status":"open","ping_status":"open","sticky":false,"template":"","format":"standard","meta":{"om_disable_all_campaigns":false,"_monsterinsights_skip_tracking":false,"_monsterinsights_sitenote_active":false,"_monsterinsights_sitenote_note":"","_monsterinsights_sitenote_category":0,"footnotes":""},"categories":[70,20,69,21,3],"tags":[140,475,2197,47,715,1511],"class_list":["post-41456","post","type-post","status-publish","format-standard","has-post-thumbnail","hentry","category-destaques","category-educacao","category-noticias2","category-politica","category-ribeira-do-pombal","tag-educacao","tag-manifestacao","tag-reajuste-salarial","tag-ribeira-do-pombal","tag-sindicato","tag-sinproerp"],"aioseo_notices":[],"_links":{"self":[{"href":"https:\/\/www.portalalerta.com.br\/index.php\/wp-json\/wp\/v2\/posts\/41456","targetHints":{"allow":["GET"]}}],"collection":[{"href":"https:\/\/www.portalalerta.com.br\/index.php\/wp-json\/wp\/v2\/posts"}],"about":[{"href":"https:\/\/www.portalalerta.com.br\/index.php\/wp-json\/wp\/v2\/types\/post"}],"author":[{"embeddable":true,"href":"https:\/\/www.portalalerta.com.br\/index.php\/wp-json\/wp\/v2\/users\/2"}],"replies":[{"embeddable":true,"href":"https:\/\/www.portalalerta.com.br\/index.php\/wp-json\/wp\/v2\/comments?post=41456"}],"version-history":[{"count":1,"href":"https:\/\/www.portalalerta.com.br\/index.php\/wp-json\/wp\/v2\/posts\/41456\/revisions"}],"predecessor-version":[{"id":41457,"href":"https:\/\/www.portalalerta.com.br\/index.php\/wp-json\/wp\/v2\/posts\/41456\/revisions\/41457"}],"wp:featuredmedia":[{"embeddable":true,"href":"https:\/\/www.portalalerta.com.br\/index.php\/wp-json\/wp\/v2\/media\/29019"}],"wp:attachment":[{"href":"https:\/\/www.portalalerta.com.br\/index.php\/wp-json\/wp\/v2\/media?parent=41456"}],"wp:term":[{"taxonomy":"category","embeddable":true,"href":"https:\/\/www.portalalerta.com.br\/index.php\/wp-json\/wp\/v2\/categories?post=41456"},{"taxonomy":"post_tag","embeddable":true,"href":"https:\/\/www.portalalerta.com.br\/index.php\/wp-json\/wp\/v2\/tags?post=41456"}],"curies":[{"name":"wp","href":"https:\/\/api.w.org\/{rel}","templated":true}]}}