{"id":41462,"date":"2022-03-10T09:15:17","date_gmt":"2022-03-10T12:15:17","guid":{"rendered":"https:\/\/www.portalalerta.com.br\/?p=41462"},"modified":"2022-03-10T09:15:19","modified_gmt":"2022-03-10T12:15:19","slug":"mp-pede-suspensao-de-atividades-de-escola-em-euclides-da-cunha-ba","status":"publish","type":"post","link":"https:\/\/www.portalalerta.com.br\/index.php\/2022\/03\/10\/mp-pede-suspensao-de-atividades-de-escola-em-euclides-da-cunha-ba\/","title":{"rendered":"MP pede suspens\u00e3o de atividades de escola em Euclides da Cunha-BA"},"content":{"rendered":"\n<p>Escola presta servi\u00e7os educacionais h\u00e1 anos sem autoriza\u00e7\u00e3o de funcionamento<\/p>\n\n\n\n<!--more-->\n\n\n\n<p>O Minist\u00e9rio P\u00fablico estadual solicitou \u00e0 Justi\u00e7a que determine a suspens\u00e3o imediata das atividades da Escola Branca de Neve, no munic\u00edpio de Euclides da Cunha, Centro Norte da Bahia. De acordo com o promotor de Justi\u00e7a Samory Pereira Santos, a escola presta servi\u00e7os educacionais h\u00e1 anos sem autoriza\u00e7\u00e3o de funcionamento. O promotor ajuizou a\u00e7\u00e3o civil p\u00fablica contra a escola e a respons\u00e1vel, a empres\u00e1ria Gabriela dos Santos Santana.<\/p>\n\n\n\n<p>Na a\u00e7\u00e3o, o promotor de Justi\u00e7a pediu a interrup\u00e7\u00e3o das atividades at\u00e9 que a escola obtenha autoriza\u00e7\u00e3o de funcionamento na Secretaria Estadual de Educa\u00e7\u00e3o. Al\u00e9m disso, o promotor requereu \u00e0 Justi\u00e7a que, liminarmente, obrigue a empresa a providenciar a notifica\u00e7\u00e3o individual dos alunos e de seus pais ou respons\u00e1veis de que as atividades ser\u00e3o suspensas, em 48 horas, em raz\u00e3o da aus\u00eancia da autoriza\u00e7\u00e3o para funcionamento, bem como a realizar a divulga\u00e7\u00e3o, no interior da institui\u00e7\u00e3o e ao p\u00fablico em geral, sobre a suspens\u00e3o das atividades.<\/p>\n\n\n\n<p>Samory Santos solicitou tamb\u00e9m que a empresa dever\u00e1 ser proibida de admitir novos estudantes enquanto n\u00e3o obtida a autoriza\u00e7\u00e3o de funcionamento.<\/p>\n\n\n\n<p>Samory Santos registrou que, mesmo ap\u00f3s v\u00e1rias tentativas de resolu\u00e7\u00e3o da quest\u00e3o por parte do MP, a escola continua ofertando servi\u00e7os educacionais a dezenas de alunos, cujos respons\u00e1veis desconhecem a real situa\u00e7\u00e3o em que se encontra.<\/p>\n\n\n\n<p><strong><em>&#8220;Ocorre que essa falta de autoriza\u00e7\u00e3o gera uma consequente impossibilidade de fornecimento de hist\u00f3ricos e certificados de conclus\u00e3o do ensino fundamental e m\u00e9dio ao final do curso&#8221;<\/em><\/strong>, explicou o promotor.<\/p>\n\n\n\n<p>Samory complementou que irregularidades identificadas na institui\u00e7\u00e3o de ensino no ano de 2016 foram sanadas.<\/p>\n\n\n\n<p>Em 2019, constatou-se que a Escola Branca de Neve estava novamente operando com autoriza\u00e7\u00e3o de funcionamento vencida desde 2017, afirmou Samory, explicando que o Minist\u00e9rio P\u00fablico empreendeu novos esfor\u00e7os, em di\u00e1logo com os \u00f3rg\u00e3os pertinentes, para remediar a situa\u00e7\u00e3o sem prejudicar os alunos que frequentavam a escola, mas n\u00e3o obteve \u00eaxito.<\/p>\n\n\n\n<p><em>Fonte: A Tarde<\/em><\/p>\n","protected":false},"excerpt":{"rendered":"<p>Escola presta servi\u00e7os educacionais h\u00e1 anos sem autoriza\u00e7\u00e3o de funcionamento<\/p>\n","protected":false},"author":2,"featured_media":41463,"comment_status":"open","ping_status":"open","sticky":false,"template":"","format":"standard","meta":{"om_disable_all_campaigns":false,"_monsterinsights_skip_tracking":false,"_monsterinsights_sitenote_active":false,"_monsterinsights_sitenote_note":"","_monsterinsights_sitenote_category":0,"footnotes":""},"categories":[70,20,17,69,32],"tags":[140,560,129,352],"class_list":["post-41462","post","type-post","status-publish","format-standard","has-post-thumbnail","hentry","category-destaques","category-educacao","category-euclides-da-cunha","category-noticias2","category-regiao","tag-educacao","tag-escolas","tag-euclides-da-cunha","tag-ministerio-publico"],"aioseo_notices":[],"_links":{"self":[{"href":"https:\/\/www.portalalerta.com.br\/index.php\/wp-json\/wp\/v2\/posts\/41462","targetHints":{"allow":["GET"]}}],"collection":[{"href":"https:\/\/www.portalalerta.com.br\/index.php\/wp-json\/wp\/v2\/posts"}],"about":[{"href":"https:\/\/www.portalalerta.com.br\/index.php\/wp-json\/wp\/v2\/types\/post"}],"author":[{"embeddable":true,"href":"https:\/\/www.portalalerta.com.br\/index.php\/wp-json\/wp\/v2\/users\/2"}],"replies":[{"embeddable":true,"href":"https:\/\/www.portalalerta.com.br\/index.php\/wp-json\/wp\/v2\/comments?post=41462"}],"version-history":[{"count":1,"href":"https:\/\/www.portalalerta.com.br\/index.php\/wp-json\/wp\/v2\/posts\/41462\/revisions"}],"predecessor-version":[{"id":41464,"href":"https:\/\/www.portalalerta.com.br\/index.php\/wp-json\/wp\/v2\/posts\/41462\/revisions\/41464"}],"wp:featuredmedia":[{"embeddable":true,"href":"https:\/\/www.portalalerta.com.br\/index.php\/wp-json\/wp\/v2\/media\/41463"}],"wp:attachment":[{"href":"https:\/\/www.portalalerta.com.br\/index.php\/wp-json\/wp\/v2\/media?parent=41462"}],"wp:term":[{"taxonomy":"category","embeddable":true,"href":"https:\/\/www.portalalerta.com.br\/index.php\/wp-json\/wp\/v2\/categories?post=41462"},{"taxonomy":"post_tag","embeddable":true,"href":"https:\/\/www.portalalerta.com.br\/index.php\/wp-json\/wp\/v2\/tags?post=41462"}],"curies":[{"name":"wp","href":"https:\/\/api.w.org\/{rel}","templated":true}]}}