{"id":41465,"date":"2022-03-10T21:35:58","date_gmt":"2022-03-11T00:35:58","guid":{"rendered":"https:\/\/www.portalalerta.com.br\/?p=41465"},"modified":"2022-03-10T21:35:59","modified_gmt":"2022-03-11T00:35:59","slug":"pt-pcdob-e-pv-decidem-formar-federacao-psb-fica-fora","status":"publish","type":"post","link":"https:\/\/www.portalalerta.com.br\/index.php\/2022\/03\/10\/pt-pcdob-e-pv-decidem-formar-federacao-psb-fica-fora\/","title":{"rendered":"PT, PCdoB e PV decidem formar federa\u00e7\u00e3o; PSB fica fora"},"content":{"rendered":"\n<p>Depois de cerca de quatro meses de negocia\u00e7\u00f5es, PT, PC do B e PV decidiram formar uma federa\u00e7\u00e3o partid\u00e1ria. O PSB, que negociava at\u00e9 ent\u00e3o com as siglas, optou por ficar de fora da uni\u00e3o de partidos, pelo menos por enquanto. A federa\u00e7\u00e3o prev\u00ea que as siglas ficar\u00e3o unidas ao longo de quatro anos em \u00e2mbito nacional, estadual e municipal.<\/p>\n\n\n\n<!--more-->\n\n\n\n<p>As decis\u00f5es tomadas nesta quarta ser\u00e3o levadas aos diret\u00f3rios estaduais de cada partido, que precisam chancelar a posi\u00e7\u00e3o tomada pelas c\u00fapulas de cada sigla.<\/p>\n\n\n\n<p>Apesar de o PSB n\u00e3o integrar a composi\u00e7\u00e3o, dirigentes partid\u00e1rios afirmam que haver\u00e1 coliga\u00e7\u00e3o entre as legendas em torno da candidatura do ex-presidente Luiz In\u00e1cio Lula da Silva (PT).<\/p>\n\n\n\n<p>Nesta semana, o ex-governador Geraldo Alckmin (sem partido) praticamente selou a migra\u00e7\u00e3o para o PSB para ser o vice na chapa de Lula.<\/p>\n\n\n\n<div class=\"wp-block-image\"><figure class=\"alignleft size-full is-resized\"><img fetchpriority=\"high\" decoding=\"async\" src=\"https:\/\/www.portalalerta.com.br\/wp-content\/uploads\/2021\/04\/ELAB.jpg\" alt=\"\" class=\"wp-image-34795\" width=\"443\" height=\"354\" srcset=\"https:\/\/www.portalalerta.com.br\/wp-content\/uploads\/2021\/04\/ELAB.jpg 1000w, https:\/\/www.portalalerta.com.br\/wp-content\/uploads\/2021\/04\/ELAB-300x240.jpg 300w, https:\/\/www.portalalerta.com.br\/wp-content\/uploads\/2021\/04\/ELAB-768x614.jpg 768w, https:\/\/www.portalalerta.com.br\/wp-content\/uploads\/2021\/04\/ELAB-183x146.jpg 183w, https:\/\/www.portalalerta.com.br\/wp-content\/uploads\/2021\/04\/ELAB-50x40.jpg 50w, https:\/\/www.portalalerta.com.br\/wp-content\/uploads\/2021\/04\/ELAB-94x75.jpg 94w\" sizes=\"(max-width: 443px) 100vw, 443px\" \/><\/figure><\/div>\n\n\n\n<p><strong><em>&#8220;As quatro agremia\u00e7\u00f5es, PT, PSB, PC do B e PV, t\u00eam unidade na constru\u00e7\u00e3o de uma frente para enfrentar Bolsonaro e reconstruir o Brasil, unidos na candidatura Lula presidente&#8221;<\/em><\/strong>, informaram os quatro partidos em nota.<\/p>\n\n\n\n<p>A raz\u00e3o para o PSB n\u00e3o se unir aos demais partidos foram diverg\u00eancias sobre a composi\u00e7\u00e3o do \u00f3rg\u00e3o que comandar\u00e1 a federa\u00e7\u00e3o e entraves em palanques estaduais.<\/p>\n\n\n\n<p>O principal problema para que o PSB se aliasse aos demais foi o governo de S\u00e3o Paulo. O PT quer lan\u00e7ar Fernando Haddad (PT) e os pessebistas n\u00e3o abrem m\u00e3o de colocar M\u00e1rcio Fran\u00e7a (PSB) na disputa.<\/p>\n\n\n\n<p>Al\u00e9m desse, h\u00e1 outros imbr\u00f3glios que travam o acordo entre as siglas, que tamb\u00e9m conversam com PV e PC do B para formar a uni\u00e3o de partidos.<\/p>\n\n\n\n<p>Entre eles, est\u00e3o a disputa aos governos do Rio Grande do Sul e do Esp\u00edrito Santo, preocupa\u00e7\u00f5es sobre o cen\u00e1rio nas elei\u00e7\u00f5es municipais em 2024 e diverg\u00eancias a respeito da composi\u00e7\u00e3o do \u00f3rg\u00e3o que comandar\u00e1 a federa\u00e7\u00e3o.<\/p>\n\n\n\n<p>Criado para salvar partidos pequenos, a federa\u00e7\u00e3o pode facilitar a elei\u00e7\u00e3o de quadros a cargos proporcionais, como \u00e9 o caso dos deputados federais.<\/p>\n\n\n\n<p>Apesar de hoje anunciarem estarem fora da federa\u00e7\u00e3o, dirigentes das outras siglas dizem que continuar\u00e3o trabalhando para atrair os pessebistas e garantem que a coliga\u00e7\u00e3o nacional.<\/p>\n\n\n\n<p><strong><em>&#8220;Vamos continuar trabalhando por um programa em comum&#8221;<\/em><\/strong>, disse o presidente do PSB, Carlos Siqueira.<\/p>\n\n\n\n<p>Apesar dos entraves, Siqueira n\u00e3o quis detalhar as raz\u00f5es que o levaram a n\u00e3o avan\u00e7ar na federa\u00e7\u00e3o. <strong><em>&#8220;S\u00e3o partidos com culturas diferentes que n\u00e3o est\u00e3o preparados para andar juntos nesse momento&#8221;<\/em><\/strong>, resumiu.<\/p>\n\n\n\n<p>A decis\u00e3o pode levar o PSB a perder deputados. Integrantes da legenda estimam que cerca de dez parlamentares deixar\u00e3o a legenda.<\/p>\n\n\n\n<p>Segundo deputados pessebistas ouvidos pela Folha de S.Paulo, a bancada da legenda, que antes era a que mais pressionava pela viabiliza\u00e7\u00e3o da federa\u00e7\u00e3o com o PT, <strong><em>&#8220;jogou a toalha&#8221;<\/em><\/strong>. De acordo com relatos, o momento \u00e9 de fazer contas e de correr atr\u00e1s para tentar formalizar chapas competitivas nos estados.<\/p>\n\n\n\n<p>Alguns parlamentares, inclusive, estavam se mobilizando desde o final da semana passada para elaborar uma carta cobrando celeridade nas defini\u00e7\u00f5es das tratativas com o PT. No entanto, ela acabou n\u00e3o saindo do papel.<\/p>\n\n\n\n<p>Uma lideran\u00e7a socialista diz ainda que teria que ocorrer um tsunami ou um terremoto para que a federa\u00e7\u00e3o fosse concretizada.<\/p>\n\n\n\n<p>Na pr\u00f3xima semana, um grupo de ao menos seis parlamentares do PSB devem se reunir para discutir a situa\u00e7\u00e3o atual sem a federa\u00e7\u00e3o e quais os pr\u00f3ximos passos que podem ser tomados.<\/p>\n\n\n\n<p><em>Fonte: Yahoo Not\u00edcias<\/em><\/p>\n","protected":false},"excerpt":{"rendered":"<p>Depois de cerca de quatro meses de negocia\u00e7\u00f5es, PT, PC do B e PV decidiram formar uma federa\u00e7\u00e3o partid\u00e1ria. O PSB, que negociava at\u00e9 ent\u00e3o com as siglas, optou por ficar de fora da uni\u00e3o de partidos, pelo menos por enquanto. A federa\u00e7\u00e3o prev\u00ea que as siglas ficar\u00e3o unidas ao longo de quatro anos em &hellip;<\/p>\n","protected":false},"author":2,"featured_media":41467,"comment_status":"open","ping_status":"open","sticky":false,"template":"","format":"standard","meta":{"om_disable_all_campaigns":false,"_monsterinsights_skip_tracking":false,"_monsterinsights_sitenote_active":false,"_monsterinsights_sitenote_note":"","_monsterinsights_sitenote_category":0,"footnotes":""},"categories":[34,70,69,21],"tags":[93,3181,5284,1265,2021,304,2194],"class_list":["post-41465","post","type-post","status-publish","format-standard","has-post-thumbnail","hentry","category-brasil","category-destaques","category-noticias2","category-politica","tag-brasil","tag-eleicoes-2022","tag-federacao-partidaria","tag-pc-do-b","tag-psb","tag-pt","tag-pv"],"aioseo_notices":[],"_links":{"self":[{"href":"https:\/\/www.portalalerta.com.br\/index.php\/wp-json\/wp\/v2\/posts\/41465","targetHints":{"allow":["GET"]}}],"collection":[{"href":"https:\/\/www.portalalerta.com.br\/index.php\/wp-json\/wp\/v2\/posts"}],"about":[{"href":"https:\/\/www.portalalerta.com.br\/index.php\/wp-json\/wp\/v2\/types\/post"}],"author":[{"embeddable":true,"href":"https:\/\/www.portalalerta.com.br\/index.php\/wp-json\/wp\/v2\/users\/2"}],"replies":[{"embeddable":true,"href":"https:\/\/www.portalalerta.com.br\/index.php\/wp-json\/wp\/v2\/comments?post=41465"}],"version-history":[{"count":1,"href":"https:\/\/www.portalalerta.com.br\/index.php\/wp-json\/wp\/v2\/posts\/41465\/revisions"}],"predecessor-version":[{"id":41468,"href":"https:\/\/www.portalalerta.com.br\/index.php\/wp-json\/wp\/v2\/posts\/41465\/revisions\/41468"}],"wp:featuredmedia":[{"embeddable":true,"href":"https:\/\/www.portalalerta.com.br\/index.php\/wp-json\/wp\/v2\/media\/41467"}],"wp:attachment":[{"href":"https:\/\/www.portalalerta.com.br\/index.php\/wp-json\/wp\/v2\/media?parent=41465"}],"wp:term":[{"taxonomy":"category","embeddable":true,"href":"https:\/\/www.portalalerta.com.br\/index.php\/wp-json\/wp\/v2\/categories?post=41465"},{"taxonomy":"post_tag","embeddable":true,"href":"https:\/\/www.portalalerta.com.br\/index.php\/wp-json\/wp\/v2\/tags?post=41465"}],"curies":[{"name":"wp","href":"https:\/\/api.w.org\/{rel}","templated":true}]}}