{"id":41471,"date":"2022-03-10T21:59:04","date_gmt":"2022-03-11T00:59:04","guid":{"rendered":"https:\/\/www.portalalerta.com.br\/?p=41471"},"modified":"2022-03-10T21:59:06","modified_gmt":"2022-03-11T00:59:06","slug":"apos-flagra-de-homem-escalando-muro-de-presidio-em-salvador-seap-reforca-revistas-prisionais","status":"publish","type":"post","link":"https:\/\/www.portalalerta.com.br\/index.php\/2022\/03\/10\/apos-flagra-de-homem-escalando-muro-de-presidio-em-salvador-seap-reforca-revistas-prisionais\/","title":{"rendered":"Ap\u00f3s flagra de homem escalando muro de pres\u00eddio em Salvador, Seap refor\u00e7a revistas prisionais"},"content":{"rendered":"\n<p>Segundo secretaria, a\u00e7\u00e3o tem como objetivo coibir arremessos de materiais proibidos para dentro das unidades, mais frequentes nos \u00faltimos tempos.<\/p>\n\n\n\n<!--more-->\n\n\n\n<div class=\"wp-block-image\"><figure class=\"alignleft size-large is-resized\"><img fetchpriority=\"high\" decoding=\"async\" src=\"https:\/\/www.portalalerta.com.br\/wp-content\/uploads\/2022\/03\/Real-Calcados-Estilo-e-Moda-para-Voce-1024x459.jpeg\" alt=\"\" class=\"wp-image-41407\" width=\"446\" height=\"200\"\/><\/figure><\/div>\n\n\n\n<p>Ap\u00f3s um homem ter sido\u00a0flagrado escalando o alambrado que contorna a Cadeia P\u00fablica de Salvador, no Complexo Penitenci\u00e1rio da Mata Escura, a Secretaria de Administra\u00e7\u00e3o Penitenci\u00e1ria e Ressocializa\u00e7\u00e3o (Seap) informou que ir\u00e1 intensificar as buscas e revistas nos estabelecimentos prisionais. O caso aconteceu na madrugada desta quarta-feira (9).<\/p>\n\n\n\n<p>A Seap informou que&nbsp;tem envidado esfor\u00e7os diuturnamente aos pres\u00eddios, juntamente com o apoio do Batalh\u00e3o de Pol\u00edcia de Guardas da PMBA, para coibir os arremessos de materiais proibidos e\/ou il\u00edcitos para dentro das unidades prisionais. De acordo com o \u00f3rg\u00e3o, o refor\u00e7o acontece porque foi constatada uma maior frequ\u00eancia de a\u00e7\u00f5es do tipo recentemente.<\/p>\n\n\n\n<p><strong><em>&#8220;Lamentavelmente, nos \u00faltimos tempos, temos constatado uma amplia\u00e7\u00e3o da aud\u00e1cia por parte desses grupos criminosos, sobretudo, a partir dessas tentativas de arremessos&#8221;<\/em><\/strong>, diz o comunicado da Seap. Apesar da intensifica\u00e7\u00e3o, a secretaria informa que as tentativas de entrada dos materiais <strong><em>&#8220;tem se tornado infrut\u00edferas&#8221;<\/em><\/strong> com o maior controle.<\/p>\n\n\n\n<p><em>Fonte: Metro1<\/em><\/p>\n","protected":false},"excerpt":{"rendered":"<p>Segundo secretaria, a\u00e7\u00e3o tem como objetivo coibir arremessos de materiais proibidos para dentro das unidades, mais frequentes nos \u00faltimos tempos.<\/p>\n","protected":false},"author":2,"featured_media":41473,"comment_status":"open","ping_status":"open","sticky":false,"template":"","format":"standard","meta":{"om_disable_all_campaigns":false,"_monsterinsights_skip_tracking":false,"_monsterinsights_sitenote_active":false,"_monsterinsights_sitenote_note":"","_monsterinsights_sitenote_category":0,"footnotes":""},"categories":[33,70,69,22],"tags":[54,1362,268,330],"class_list":["post-41471","post","type-post","status-publish","format-standard","has-post-thumbnail","hentry","category-bahia","category-destaques","category-noticias2","category-seguranca","tag-bahia","tag-complexo-penitenciario-da-mata-escura","tag-presidio","tag-salvador"],"aioseo_notices":[],"_links":{"self":[{"href":"https:\/\/www.portalalerta.com.br\/index.php\/wp-json\/wp\/v2\/posts\/41471","targetHints":{"allow":["GET"]}}],"collection":[{"href":"https:\/\/www.portalalerta.com.br\/index.php\/wp-json\/wp\/v2\/posts"}],"about":[{"href":"https:\/\/www.portalalerta.com.br\/index.php\/wp-json\/wp\/v2\/types\/post"}],"author":[{"embeddable":true,"href":"https:\/\/www.portalalerta.com.br\/index.php\/wp-json\/wp\/v2\/users\/2"}],"replies":[{"embeddable":true,"href":"https:\/\/www.portalalerta.com.br\/index.php\/wp-json\/wp\/v2\/comments?post=41471"}],"version-history":[{"count":1,"href":"https:\/\/www.portalalerta.com.br\/index.php\/wp-json\/wp\/v2\/posts\/41471\/revisions"}],"predecessor-version":[{"id":41474,"href":"https:\/\/www.portalalerta.com.br\/index.php\/wp-json\/wp\/v2\/posts\/41471\/revisions\/41474"}],"wp:featuredmedia":[{"embeddable":true,"href":"https:\/\/www.portalalerta.com.br\/index.php\/wp-json\/wp\/v2\/media\/41473"}],"wp:attachment":[{"href":"https:\/\/www.portalalerta.com.br\/index.php\/wp-json\/wp\/v2\/media?parent=41471"}],"wp:term":[{"taxonomy":"category","embeddable":true,"href":"https:\/\/www.portalalerta.com.br\/index.php\/wp-json\/wp\/v2\/categories?post=41471"},{"taxonomy":"post_tag","embeddable":true,"href":"https:\/\/www.portalalerta.com.br\/index.php\/wp-json\/wp\/v2\/tags?post=41471"}],"curies":[{"name":"wp","href":"https:\/\/api.w.org\/{rel}","templated":true}]}}