{"id":41479,"date":"2022-03-11T07:00:00","date_gmt":"2022-03-11T10:00:00","guid":{"rendered":"https:\/\/www.portalalerta.com.br\/?p=41479"},"modified":"2022-03-11T00:43:25","modified_gmt":"2022-03-11T03:43:25","slug":"stf-rejeita-acao-que-propunha-reduzir-punicao-da-lei-da-ficha-limpa","status":"publish","type":"post","link":"https:\/\/www.portalalerta.com.br\/index.php\/2022\/03\/11\/stf-rejeita-acao-que-propunha-reduzir-punicao-da-lei-da-ficha-limpa\/","title":{"rendered":"STF rejeita a\u00e7\u00e3o que propunha reduzir puni\u00e7\u00e3o da Lei da Ficha Limpa"},"content":{"rendered":"\n<p>Processo questionava dispositivo da lei que estabelecia o prazo de oito anos de inelegibilidade, ap\u00f3s o cumprimento da pena<\/p>\n\n\n\n<!--more-->\n\n\n\n<p>Por maioria de votos, o plen\u00e1rio do Supremo Tribunal Federal (STF) rejeitou nesta quarta-feira (9) a a\u00e7\u00e3o que poderia reduzir o tempo de puni\u00e7\u00e3o imposto a pol\u00edticos condenados pela Lei da Ficha Limpa.&nbsp;<\/p>\n\n\n\n<div class=\"wp-block-image\"><figure class=\"alignleft size-full is-resized\"><img fetchpriority=\"high\" decoding=\"async\" src=\"https:\/\/www.portalalerta.com.br\/wp-content\/uploads\/2021\/04\/ELAB.jpg\" alt=\"\" class=\"wp-image-34795\" width=\"379\" height=\"302\" srcset=\"https:\/\/www.portalalerta.com.br\/wp-content\/uploads\/2021\/04\/ELAB.jpg 1000w, https:\/\/www.portalalerta.com.br\/wp-content\/uploads\/2021\/04\/ELAB-300x240.jpg 300w, https:\/\/www.portalalerta.com.br\/wp-content\/uploads\/2021\/04\/ELAB-768x614.jpg 768w, https:\/\/www.portalalerta.com.br\/wp-content\/uploads\/2021\/04\/ELAB-183x146.jpg 183w, https:\/\/www.portalalerta.com.br\/wp-content\/uploads\/2021\/04\/ELAB-50x40.jpg 50w, https:\/\/www.portalalerta.com.br\/wp-content\/uploads\/2021\/04\/ELAB-94x75.jpg 94w\" sizes=\"(max-width: 379px) 100vw, 379px\" \/><\/figure><\/div>\n\n\n\n<p>O processo questionava dispositivo da lei que estabelecia o prazo de oito anos de inelegibilidade, ap\u00f3s o cumprimento da pena, para pol\u00edticos que fossem condenados em decis\u00e3o transitada em julgado ou proferida por \u00f3rg\u00e3o judicial colegiado.<\/p>\n\n\n\n<p>Os ministros julgaram uma a\u00e7\u00e3o proposta pelo PDT que questiona a partir de qual momento deve come\u00e7ar a contar o prazo de inelegibilidade de oito anos, prevista na legisla\u00e7\u00e3o, para pol\u00edticos classificados como ficha suja \u2014 aqueles que foram condenados por \u00f3rg\u00e3os colegiados, a partir da segunda inst\u00e2ncia da Justi\u00e7a.<\/p>\n\n\n\n<p>Os magistrados entenderam n\u00e3o ser poss\u00edvel analisar a quest\u00e3o uma vez que em 2012 o plen\u00e1rio da Corte j\u00e1 havia declarado a Lei da Ficha Limpa constitucional e que, de l\u00e1 para c\u00e1, nada de significativo mudou para que houvesse uma nova interpreta\u00e7\u00e3o.<\/p>\n\n\n\n<p><em>Fonte: Metro1<\/em><\/p>\n","protected":false},"excerpt":{"rendered":"<p>Processo questionava dispositivo da lei que estabelecia o prazo de oito anos de inelegibilidade, ap\u00f3s o cumprimento da pena<\/p>\n","protected":false},"author":2,"featured_media":5836,"comment_status":"open","ping_status":"open","sticky":false,"template":"","format":"standard","meta":{"om_disable_all_campaigns":false,"_monsterinsights_skip_tracking":false,"_monsterinsights_sitenote_active":false,"_monsterinsights_sitenote_note":"","_monsterinsights_sitenote_category":0,"footnotes":""},"categories":[34,70,69,21],"tags":[93,550,199,216],"class_list":["post-41479","post","type-post","status-publish","format-standard","has-post-thumbnail","hentry","category-brasil","category-destaques","category-noticias2","category-politica","tag-brasil","tag-ficha-limpa","tag-politica","tag-stf"],"aioseo_notices":[],"_links":{"self":[{"href":"https:\/\/www.portalalerta.com.br\/index.php\/wp-json\/wp\/v2\/posts\/41479","targetHints":{"allow":["GET"]}}],"collection":[{"href":"https:\/\/www.portalalerta.com.br\/index.php\/wp-json\/wp\/v2\/posts"}],"about":[{"href":"https:\/\/www.portalalerta.com.br\/index.php\/wp-json\/wp\/v2\/types\/post"}],"author":[{"embeddable":true,"href":"https:\/\/www.portalalerta.com.br\/index.php\/wp-json\/wp\/v2\/users\/2"}],"replies":[{"embeddable":true,"href":"https:\/\/www.portalalerta.com.br\/index.php\/wp-json\/wp\/v2\/comments?post=41479"}],"version-history":[{"count":1,"href":"https:\/\/www.portalalerta.com.br\/index.php\/wp-json\/wp\/v2\/posts\/41479\/revisions"}],"predecessor-version":[{"id":41480,"href":"https:\/\/www.portalalerta.com.br\/index.php\/wp-json\/wp\/v2\/posts\/41479\/revisions\/41480"}],"wp:featuredmedia":[{"embeddable":true,"href":"https:\/\/www.portalalerta.com.br\/index.php\/wp-json\/wp\/v2\/media\/5836"}],"wp:attachment":[{"href":"https:\/\/www.portalalerta.com.br\/index.php\/wp-json\/wp\/v2\/media?parent=41479"}],"wp:term":[{"taxonomy":"category","embeddable":true,"href":"https:\/\/www.portalalerta.com.br\/index.php\/wp-json\/wp\/v2\/categories?post=41479"},{"taxonomy":"post_tag","embeddable":true,"href":"https:\/\/www.portalalerta.com.br\/index.php\/wp-json\/wp\/v2\/tags?post=41479"}],"curies":[{"name":"wp","href":"https:\/\/api.w.org\/{rel}","templated":true}]}}