{"id":41481,"date":"2022-03-11T07:01:00","date_gmt":"2022-03-11T10:01:00","guid":{"rendered":"https:\/\/www.portalalerta.com.br\/?p=41481"},"modified":"2022-03-11T01:10:50","modified_gmt":"2022-03-11T04:10:50","slug":"criminosos-fortemente-armados-roubam-estabelecimento-comercial-em-cicero-dantas-ba","status":"publish","type":"post","link":"https:\/\/www.portalalerta.com.br\/index.php\/2022\/03\/11\/criminosos-fortemente-armados-roubam-estabelecimento-comercial-em-cicero-dantas-ba\/","title":{"rendered":"Criminosos fortemente armados, roubam estabelecimento comercial em C\u00edcero Dantas-BA"},"content":{"rendered":"\n<p>Na noite da \u00faltima quarta-feira (09), um estabelecimento comercial foi alvo de criminosos em C\u00edcero Dantas-BA.<\/p>\n\n\n\n<!--more-->\n\n\n\n<div class=\"wp-block-image\"><figure class=\"alignleft size-large is-resized\"><img fetchpriority=\"high\" decoding=\"async\" src=\"https:\/\/www.portalalerta.com.br\/wp-content\/uploads\/2022\/03\/Real-Calcados-Estilo-e-Moda-para-Voce-1024x459.jpeg\" alt=\"\" class=\"wp-image-41407\" width=\"398\" height=\"178\"\/><\/figure><\/div>\n\n\n\n<p>De acordo com informa\u00e7\u00f5es, cerca de oito homens portando armas de fogo, anunciaram o assalto a um estabelecimento comercial situado no Cal\u00e7ad\u00e3o da Feira. Segundo relatos, durante a a\u00e7\u00e3o, o propriet\u00e1rio do estabelecimento chegou a ser agredido, e foi colocado num c\u00f4modo do estabelecimento, enquanto o grupo subtraia o dinheiro guardado no local.<\/p>\n\n\n\n<p>Ap\u00f3s o crime, o grupo fugiu a bordo de uma picape Ford Ranger, e de um Volkswagen Gol de cor preta, demais dados n\u00e3o informados. A quantia roubada tamb\u00e9m n\u00e3o foi divulgada.<\/p>\n\n\n\n<div class=\"wp-block-image\"><figure class=\"aligncenter size-full\"><img decoding=\"async\" width=\"768\" height=\"550\" src=\"https:\/\/www.portalalerta.com.br\/wp-content\/uploads\/2022\/03\/roubo-a-estabelecimento-comercial-em-Cicero-Dantas-2022.1.jpg\" alt=\"\" class=\"wp-image-41482\" srcset=\"https:\/\/www.portalalerta.com.br\/wp-content\/uploads\/2022\/03\/roubo-a-estabelecimento-comercial-em-Cicero-Dantas-2022.1.jpg 768w, https:\/\/www.portalalerta.com.br\/wp-content\/uploads\/2022\/03\/roubo-a-estabelecimento-comercial-em-Cicero-Dantas-2022.1-335x240.jpg 335w, https:\/\/www.portalalerta.com.br\/wp-content\/uploads\/2022\/03\/roubo-a-estabelecimento-comercial-em-Cicero-Dantas-2022.1-204x146.jpg 204w, https:\/\/www.portalalerta.com.br\/wp-content\/uploads\/2022\/03\/roubo-a-estabelecimento-comercial-em-Cicero-Dantas-2022.1-50x36.jpg 50w, https:\/\/www.portalalerta.com.br\/wp-content\/uploads\/2022\/03\/roubo-a-estabelecimento-comercial-em-Cicero-Dantas-2022.1-105x75.jpg 105w\" sizes=\"(max-width: 768px) 100vw, 768px\" \/><\/figure><\/div>\n\n\n\n<p><em>Reda\u00e7\u00e3o: Portal Alerta &nbsp;&nbsp;&nbsp;&nbsp;&nbsp;&nbsp;&nbsp;&nbsp;&nbsp;&nbsp;&nbsp;&nbsp;&nbsp;&nbsp;<\/em><\/p>\n","protected":false},"excerpt":{"rendered":"<p>Na noite da \u00faltima quarta-feira (09), um estabelecimento comercial foi alvo de criminosos em C\u00edcero Dantas-BA.<\/p>\n","protected":false},"author":2,"featured_media":41483,"comment_status":"open","ping_status":"open","sticky":false,"template":"","format":"standard","meta":{"om_disable_all_campaigns":false,"_monsterinsights_skip_tracking":false,"_monsterinsights_sitenote_active":false,"_monsterinsights_sitenote_note":"","_monsterinsights_sitenote_category":0,"footnotes":""},"categories":[4,70,69,32,22],"tags":[75,108,367],"class_list":["post-41481","post","type-post","status-publish","format-standard","has-post-thumbnail","hentry","category-cicero-dantas","category-destaques","category-noticias2","category-regiao","category-seguranca","tag-cicero-dantas","tag-estabelecimento-comercial","tag-roubo"],"aioseo_notices":[],"_links":{"self":[{"href":"https:\/\/www.portalalerta.com.br\/index.php\/wp-json\/wp\/v2\/posts\/41481","targetHints":{"allow":["GET"]}}],"collection":[{"href":"https:\/\/www.portalalerta.com.br\/index.php\/wp-json\/wp\/v2\/posts"}],"about":[{"href":"https:\/\/www.portalalerta.com.br\/index.php\/wp-json\/wp\/v2\/types\/post"}],"author":[{"embeddable":true,"href":"https:\/\/www.portalalerta.com.br\/index.php\/wp-json\/wp\/v2\/users\/2"}],"replies":[{"embeddable":true,"href":"https:\/\/www.portalalerta.com.br\/index.php\/wp-json\/wp\/v2\/comments?post=41481"}],"version-history":[{"count":1,"href":"https:\/\/www.portalalerta.com.br\/index.php\/wp-json\/wp\/v2\/posts\/41481\/revisions"}],"predecessor-version":[{"id":41484,"href":"https:\/\/www.portalalerta.com.br\/index.php\/wp-json\/wp\/v2\/posts\/41481\/revisions\/41484"}],"wp:featuredmedia":[{"embeddable":true,"href":"https:\/\/www.portalalerta.com.br\/index.php\/wp-json\/wp\/v2\/media\/41483"}],"wp:attachment":[{"href":"https:\/\/www.portalalerta.com.br\/index.php\/wp-json\/wp\/v2\/media?parent=41481"}],"wp:term":[{"taxonomy":"category","embeddable":true,"href":"https:\/\/www.portalalerta.com.br\/index.php\/wp-json\/wp\/v2\/categories?post=41481"},{"taxonomy":"post_tag","embeddable":true,"href":"https:\/\/www.portalalerta.com.br\/index.php\/wp-json\/wp\/v2\/tags?post=41481"}],"curies":[{"name":"wp","href":"https:\/\/api.w.org\/{rel}","templated":true}]}}