{"id":41485,"date":"2022-03-11T07:02:00","date_gmt":"2022-03-11T10:02:00","guid":{"rendered":"https:\/\/www.portalalerta.com.br\/?p=41485"},"modified":"2022-03-11T01:20:29","modified_gmt":"2022-03-11T04:20:29","slug":"apos-privatizacao-refinaria-mataripe-vende-o-combustivel-mais-caro-do-brasil","status":"publish","type":"post","link":"https:\/\/www.portalalerta.com.br\/index.php\/2022\/03\/11\/apos-privatizacao-refinaria-mataripe-vende-o-combustivel-mais-caro-do-brasil\/","title":{"rendered":"Ap\u00f3s privatiza\u00e7\u00e3o, Refinaria Mataripe vende o combust\u00edvel mais caro do Brasil"},"content":{"rendered":"\n<p>Venda da refinaria de Mataripe para grupo Mubadala Capital tem provocado impactos diretos nos baianos; combust\u00edvel est\u00e1 27% mais caro do que o praticado pela Petrobras<\/p>\n\n\n\n<!--more-->\n\n\n\n<p>A Petrobras estava h\u00e1 57&nbsp; dias sem&nbsp; aumentar&nbsp; o&nbsp; pre\u00e7o&nbsp; dos&nbsp; combust\u00edveis at\u00e9 anunciar nesta quinta-feira reajustes de&nbsp; 18,8% na gasolina e 24,9% no diesel. No mesmo per\u00edodo, a Acelen praticou cinco reajustes.&nbsp; O mais recente no&nbsp; \u00faltimo s\u00e1bado, que elevou a gasolina a R$ 8,50 em cidades como Juazeiro, regi\u00e3o norte do estado,&nbsp; e&nbsp; Porto&nbsp; Seguro,&nbsp; regi\u00e3o&nbsp; sul.&nbsp; O&nbsp; diesel&nbsp; chegou a R$ 7,80.<\/p>\n\n\n\n<div class=\"wp-block-image\"><figure class=\"alignleft size-large is-resized\"><img fetchpriority=\"high\" decoding=\"async\" src=\"https:\/\/www.portalalerta.com.br\/wp-content\/uploads\/2022\/03\/Real-Calcados-Estilo-e-Moda-para-Voce-1024x459.jpeg\" alt=\"\" class=\"wp-image-41407\" width=\"395\" height=\"177\"\/><\/figure><\/div>\n\n\n\n<p>Com&nbsp; todo&nbsp; esse&nbsp; apetite&nbsp; da&nbsp; companhia,&nbsp; a&nbsp; gasolina vendida por ela, at\u00e9 a \u00faltima quarta-feira, era 27% mais cara do&nbsp; que&nbsp; a&nbsp; comercializada&nbsp; no&nbsp; restante&nbsp; do&nbsp; Brasil. A diferen\u00e7a em rela\u00e7\u00e3o ao valor do diesel S-10 \u00e9 ainda maior: 28,2%. As informa\u00e7\u00f5es&nbsp; s\u00e3o&nbsp; do&nbsp; Observat\u00f3rio&nbsp; Social&nbsp; da&nbsp; Pe-trobras&nbsp; (OSP),&nbsp; entidade&nbsp; ligada&nbsp; \u00e0&nbsp; Federa\u00e7\u00e3o&nbsp; Nacional dos Petroleiros (FNP).<\/p>\n\n\n\n<p>A Petrobras finalizou no dia 30 de no-vembro do ano passado a venda da Refinaria Landulpho Alves (RLAM), localizada em S\u00e3o&nbsp; Francisco&nbsp; do&nbsp; Conde,&nbsp; na&nbsp; Bahia,&nbsp; e&nbsp; seus&nbsp; ativos&nbsp; log\u00edsticos&nbsp; associados&nbsp; para&nbsp; o&nbsp; Muba-dala&nbsp; Capital,&nbsp; um&nbsp; fundo&nbsp; de&nbsp; investimentos dos Emirados \u00c1rabes. O Mubadala criou a Jornal da Metropole, Salvador, 10 de mar\u00e7o de 20229Sefaz abre auditoria por \u2018ICMS n\u00e3o congelado\u2019empresa Acelen para operar a refinaria.<\/p>\n\n\n\n<p>Al\u00e9m dos cinco reajustes em menos de 60 dias, a Acelen foi acusada pela Secreta-ria da Fazenda do Estado da Bahia (Sefaz) de n\u00e3o aplicar o congelamento do imposto ICMS implementado pelo Governo do Es-tado&nbsp; desde&nbsp; de&nbsp; novembro&nbsp; do&nbsp; ano&nbsp; passado.&nbsp; De acordo com a Sefaz, a companhia ale-gou problemas operacionais.<\/p>\n\n\n\n<p>Ap\u00f3s reuni\u00e3o com a Sefaz na \u00faltima segunda-feira, a empresa prop\u00f4s pagar uma al\u00edquota&nbsp; baseada&nbsp; em&nbsp; uma&nbsp; m\u00e9dia&nbsp; de&nbsp; valo-res cobrados em novembro do ano passado. Ainda n\u00e3o se sabe se essa nova base de c\u00e1lculo&nbsp; vai&nbsp; implicar&nbsp; em&nbsp; redu\u00e7\u00e3o&nbsp; do&nbsp; pre\u00e7o&nbsp; dos combust\u00edveis.<\/p>\n\n\n\n<p>Jornal da Metropole, Salvador, 10 de mar\u00e7o de 20229Sefaz abre auditoria por \u2018ICMS n\u00e3o congelado\u2019empresa Acelen para operar a refinaria. Al\u00e9m dos cinco reajustes em menos de 60 dias, a Acelen foi acusada pela Secretaria da Fazenda do Estado da Bahia (Sefaz) de n\u00e3o aplicar o congelamento do imposto ICMS implementado pelo Governo do Estado&nbsp; desde&nbsp; de&nbsp; novembro&nbsp; do&nbsp; ano&nbsp; passado.&nbsp; De acordo com a Sefaz, a companhia alegou problemas operacionais. Ap\u00f3s reuni\u00e3o com a Sefaz na \u00faltima se-gunda-feira, a empresa prop\u00f4s pagar uma al\u00edquota&nbsp; baseada&nbsp; em&nbsp; uma&nbsp; m\u00e9dia&nbsp; de&nbsp; valores cobrados em novembro do ano passado. Ainda n\u00e3o se sabe se essa nova base de c\u00e1lculo&nbsp; vai&nbsp; implicar&nbsp; em&nbsp; redu\u00e7\u00e3o&nbsp; do&nbsp; pre\u00e7o&nbsp; dos combust\u00edveis.<\/p>\n\n\n\n<p><strong>DEN\u00daNCIA AO CADE<\/strong><\/p>\n\n\n\n<p>O&nbsp; Sindicato&nbsp; do&nbsp; Com\u00e9rcio&nbsp; de&nbsp; Combust\u00edveis,&nbsp; Energias&nbsp; Alternativas&nbsp; e&nbsp; Lojas&nbsp; de Conveni\u00eancias do Estado da Bahia (Sindicombust\u00edveis-Ba) entrou com uma repre-senta\u00e7\u00e3o, na \u00faltima sexta-feira, no Conse-lho Administrativo de Defesa Econ\u00f4mica (CADE), por poss\u00edvel abuso de poder eco-n\u00f4mico&nbsp; praticado&nbsp; pela&nbsp; Acelen,&nbsp; que&nbsp; agora det\u00e9m o monop\u00f3lio do refino na Bahia.<\/p>\n\n\n\n<p>De acordo com os documentos apre-sentados&nbsp; ao&nbsp; CADE,&nbsp; a&nbsp; Acelen&nbsp; vem&nbsp; praticando&nbsp; pre\u00e7os&nbsp; substancialmente&nbsp; maiores&nbsp; do&nbsp; que&nbsp; os&nbsp; que&nbsp; ela&nbsp; pr\u00f3pria&nbsp; pratica&nbsp; para&nbsp; venda&nbsp; a&nbsp; outros&nbsp; estados,&nbsp; como&nbsp; Alagoas,&nbsp; Maranh\u00e3o e Amazonas.<\/p>\n\n\n\n<p>Segundo&nbsp;&nbsp; o&nbsp;&nbsp; presidente&nbsp;&nbsp; do&nbsp;&nbsp; Sindicom-bust\u00edveis, Walter Tanus, as principais diferen\u00e7as s\u00e3o em rela\u00e7\u00e3o \u00e0 gasolina A, que em fevereiro era de R$ 0,30 o litro em rela\u00e7\u00e3o \u00e0s demais refinaria. Com este novo aumento passa a ser acima de R$ 0,95. No caso do diesel S10, que era de R$ 0,28, hoje, est\u00e1 em R$ 1,14 o litro.<\/p>\n\n\n\n<p><strong><em>\u201cO&nbsp; governo&nbsp; e&nbsp; a&nbsp; sociedade&nbsp; esperavam que,&nbsp; com&nbsp; a&nbsp; privatiza\u00e7\u00e3o,&nbsp; os&nbsp; pre\u00e7os&nbsp; ca\u00edssem. Mas, no caso da Bahia, tem se verificado&nbsp; justamente&nbsp; o&nbsp; contr\u00e1rio.&nbsp; O&nbsp; sindicato&nbsp; entende&nbsp; que&nbsp; pode&nbsp; haver&nbsp; abuso&nbsp; de&nbsp; poder&nbsp; econ\u00f4mico da Acelen, que atua como mo-nopolista no mercado de refino na Bahia, e&nbsp; vem&nbsp; impondo&nbsp; \u00e0s&nbsp; distribuidoras&nbsp; pre\u00e7os&nbsp; maiores&nbsp; que&nbsp; os&nbsp; praticados&nbsp; pelas&nbsp; demais&nbsp; refinarias brasileiras\u201d<\/em><\/strong>, declara.<\/p>\n\n\n\n<p>Quando&nbsp; a&nbsp; Petrobras&nbsp; anunciou&nbsp; a&nbsp; conclus\u00e3o&nbsp; da&nbsp; venda&nbsp; da&nbsp; Rlam,&nbsp; o&nbsp; Sindicato&nbsp; dos&nbsp; Petroleiros&nbsp; da&nbsp; Bahia&nbsp; divulgou&nbsp; comunicado prevendo a eleva\u00e7\u00e3o do pre\u00e7o dos combust\u00edveis. <strong><em>\u201cN\u00e3o haver\u00e1 redu\u00e7\u00e3o de pre\u00e7os porque n\u00e3o haver\u00e1 concorr\u00eancia. Sa\u00edmos de&nbsp; um&nbsp; monop\u00f3lio&nbsp; p\u00fablico&nbsp; para&nbsp; um&nbsp; privado\u201d<\/em><\/strong>, dizia a carta.<\/p>\n\n\n\n<p>A&nbsp;&nbsp; entidade&nbsp;&nbsp; lembrou&nbsp;&nbsp; que,&nbsp;&nbsp; apesar&nbsp;&nbsp; de&nbsp;&nbsp; o&nbsp; monop\u00f3lio&nbsp; estatal&nbsp; do&nbsp; petr\u00f3leo&nbsp; ter&nbsp; sido&nbsp; quebrado em 1997, no governo de FHC, nenhuma empresa privada teve interesse em construir uma grande refinaria no Brasil.<\/p>\n\n\n\n<p>O&nbsp;&nbsp; Sindipetro&nbsp;&nbsp; embasa&nbsp;&nbsp; seu&nbsp;&nbsp; posiciona-mento&nbsp; em&nbsp; rela\u00e7\u00e3o&nbsp; ao&nbsp; encarecimento&nbsp; do&nbsp; pre\u00e7o dos combust\u00edveis em um estudo re-alizado pela&nbsp; Pontif\u00edcia Universidade Cat\u00f3lica&nbsp; (PUC)&nbsp; do&nbsp; Rio&nbsp; de&nbsp; Janeiro,&nbsp; encomenda-do pela Associa\u00e7\u00e3o das Distribuidoras de Combust\u00edveis \u2013 Brasilcom.<\/p>\n\n\n\n<p>A&nbsp;&nbsp; entidade&nbsp;&nbsp; lembrou&nbsp;&nbsp; que,&nbsp;&nbsp; apesar&nbsp;&nbsp; de&nbsp;&nbsp; o&nbsp; monop\u00f3lio&nbsp; estatal&nbsp; do&nbsp; petr\u00f3leo&nbsp; ter&nbsp; sido&nbsp; quebrado em 1997, no governo de FHC, nenhuma empresa privada teve interesse em construir uma grande refinaria no Brasil.O&nbsp;&nbsp; Sindipetro&nbsp;&nbsp; embasa&nbsp;&nbsp; seu&nbsp;&nbsp; posiciona-mento&nbsp; em&nbsp; rela\u00e7\u00e3o&nbsp; ao&nbsp; encarecimento&nbsp; do&nbsp; pre\u00e7o dos combust\u00edveis em um estudo re-alizado pela&nbsp; Pontif\u00edcia Universidade Cat\u00f3-lica&nbsp; (PUC)&nbsp; do&nbsp; Rio&nbsp; de&nbsp; Janeiro,&nbsp; encomendado pela Associa\u00e7\u00e3o das Distribuidoras de Combust\u00edveis \u2013 Brasilcom.<\/p>\n\n\n\n<p><strong>Sefaz abre auditoria por \u2018ICMS n\u00e3o congelado\u2019<\/strong><\/p>\n\n\n\n<p>A Sefaz informou que a Acelen passou a adotar o congelamento do ICMS ap\u00f3s a reuni\u00e3o da segunda-feira passada.&nbsp; Sobre&nbsp; o&nbsp; per\u00edodo&nbsp; anterior&nbsp; que&nbsp; estava&nbsp; sendo&nbsp; desrespeitado&nbsp; pela&nbsp; Acelen,&nbsp; a Sefaz disse que <strong><em>\u201cos valores recolhidos pela&nbsp; empresa&nbsp; s\u00e3o&nbsp; objeto&nbsp; de&nbsp; auditoria&nbsp; pela Sefaz-Ba. Qualquer eventual dife-ren\u00e7a ser\u00e1 cobrada pelo fisco estadual\u201d<\/em><\/strong>, disse em nota.<\/p>\n\n\n\n<p>A&nbsp; Acelen&nbsp; informou,&nbsp; por&nbsp; meio&nbsp; de nota, que ainda n\u00e3o foi notificada pelo CADE sobre a den\u00fancia de abuso de poder econ\u00f4mico. Em rela\u00e7\u00e3o ao valor dos combust\u00edveis, a empresa disse que nos \u00faltimos&nbsp; dez&nbsp; dias,&nbsp; com&nbsp; o&nbsp; agravamento&nbsp; da crise gerada pelo conflito entre R\u00fassia e Ucr\u00e2nia, o pre\u00e7o internacional do barril de petr\u00f3leo disparou, superando os&nbsp; US$115&nbsp; por&nbsp; barril,&nbsp; o&nbsp; que&nbsp; gerou&nbsp; impacto&nbsp; direto&nbsp; nos&nbsp; custos&nbsp; de&nbsp; produ\u00e7\u00e3o.<\/p>\n\n\n\n<p>Sobre o ICMS, a Acelen informa que recebeu, na noite de ter\u00e7a-feira (08), parecer da Secretaria da Fazenda do Estado da Bahia (Sefaz) favor\u00e1vel \u00e0 sugest\u00e3o proposta pela empresa para apura\u00e7\u00e3o do ICMS congelado a partir da m\u00e9dia ponderada de pre\u00e7os dos produtos comercializados em 1\u00ba de novembro de 2021, data estabelecida no Decreto n\u00ba 20.852\/2021.<\/p>\n\n\n\n<p>Segundo a Acelen, este crit\u00e9rio j\u00e1 est\u00e1 sendo aplicado nas opera\u00e7\u00f5es de venda desde esta quarta-feira (9) e implicar\u00e1 em uma redu\u00e7\u00e3o aproximada nos pre\u00e7os de combust\u00edveis vendidos pela Refinaria de Mataripe aos distribuidores na ordem de R$380,00 a R$400,00 a cada mil litros para o Diesel e R$580 para a mesma quantidade de gasolina.<\/p>\n\n\n\n<p><em>Fonte: Metro1<\/em><\/p>\n","protected":false},"excerpt":{"rendered":"<p>Venda da refinaria de Mataripe para grupo Mubadala Capital tem provocado impactos diretos nos baianos; combust\u00edvel est\u00e1 27% mais caro do que o praticado pela Petrobras<\/p>\n","protected":false},"author":2,"featured_media":39699,"comment_status":"open","ping_status":"open","sticky":false,"template":"","format":"standard","meta":{"om_disable_all_campaigns":false,"_monsterinsights_skip_tracking":false,"_monsterinsights_sitenote_active":false,"_monsterinsights_sitenote_note":"","_monsterinsights_sitenote_category":0,"footnotes":""},"categories":[33,34,70,69],"tags":[54,93,5285,5111],"class_list":["post-41485","post","type-post","status-publish","format-standard","has-post-thumbnail","hentry","category-bahia","category-brasil","category-destaques","category-noticias2","tag-bahia","tag-brasil","tag-mataripe","tag-refinaria"],"aioseo_notices":[],"_links":{"self":[{"href":"https:\/\/www.portalalerta.com.br\/index.php\/wp-json\/wp\/v2\/posts\/41485","targetHints":{"allow":["GET"]}}],"collection":[{"href":"https:\/\/www.portalalerta.com.br\/index.php\/wp-json\/wp\/v2\/posts"}],"about":[{"href":"https:\/\/www.portalalerta.com.br\/index.php\/wp-json\/wp\/v2\/types\/post"}],"author":[{"embeddable":true,"href":"https:\/\/www.portalalerta.com.br\/index.php\/wp-json\/wp\/v2\/users\/2"}],"replies":[{"embeddable":true,"href":"https:\/\/www.portalalerta.com.br\/index.php\/wp-json\/wp\/v2\/comments?post=41485"}],"version-history":[{"count":1,"href":"https:\/\/www.portalalerta.com.br\/index.php\/wp-json\/wp\/v2\/posts\/41485\/revisions"}],"predecessor-version":[{"id":41486,"href":"https:\/\/www.portalalerta.com.br\/index.php\/wp-json\/wp\/v2\/posts\/41485\/revisions\/41486"}],"wp:featuredmedia":[{"embeddable":true,"href":"https:\/\/www.portalalerta.com.br\/index.php\/wp-json\/wp\/v2\/media\/39699"}],"wp:attachment":[{"href":"https:\/\/www.portalalerta.com.br\/index.php\/wp-json\/wp\/v2\/media?parent=41485"}],"wp:term":[{"taxonomy":"category","embeddable":true,"href":"https:\/\/www.portalalerta.com.br\/index.php\/wp-json\/wp\/v2\/categories?post=41485"},{"taxonomy":"post_tag","embeddable":true,"href":"https:\/\/www.portalalerta.com.br\/index.php\/wp-json\/wp\/v2\/tags?post=41485"}],"curies":[{"name":"wp","href":"https:\/\/api.w.org\/{rel}","templated":true}]}}