{"id":41487,"date":"2022-03-11T07:03:00","date_gmt":"2022-03-11T10:03:00","guid":{"rendered":"https:\/\/www.portalalerta.com.br\/?p=41487"},"modified":"2022-03-11T01:29:53","modified_gmt":"2022-03-11T04:29:53","slug":"um-dos-foragidos-da-carceragem-de-euclides-da-cunha-ba-e-capturado-pombalense-ainda-e-procurado","status":"publish","type":"post","link":"https:\/\/www.portalalerta.com.br\/index.php\/2022\/03\/11\/um-dos-foragidos-da-carceragem-de-euclides-da-cunha-ba-e-capturado-pombalense-ainda-e-procurado\/","title":{"rendered":"Um dos foragidos da carceragem de Euclides da Cunha-BA \u00e9 capturado. Pombalense ainda \u00e9 procurado!"},"content":{"rendered":"\n<p>Um dos <strong><a href=\"https:\/\/www.portalalerta.com.br\/index.php\/2022\/02\/23\/pombalense-esta-entre-os-foragidos-da-carceragem-de-euclides-da-cunha-ba\/\">foragidos do Complexo Policial de Euclides da Cunha-BA<\/a><\/strong>, no dia 23 de fevereiro do corrente ano, foi capturado nesta quarta-feira (09).<\/p>\n\n\n\n<!--more-->\n\n\n\n<p>Jos\u00e9 Ant\u00f4nio Alves de Souza Junior (Nem), foi encontrado no munic\u00edpio de Canudos-BA. de acordo com informa\u00e7\u00f5es, ele \u00e9 acusado de uma tentativa de homic\u00eddio.<\/p>\n\n\n\n<p>J\u00e1 o outro foragido, o pombalense Jos\u00e9 Messias dos Santos, acusado de ter cometido um homic\u00eddio em Ribeira do Pombal-BA, ainda permanece foragido.<\/p>\n\n\n\n<div class=\"wp-block-image\"><figure class=\"aligncenter size-full\"><img fetchpriority=\"high\" decoding=\"async\" width=\"500\" height=\"444\" src=\"https:\/\/www.portalalerta.com.br\/wp-content\/uploads\/2022\/02\/foragidos-de-Euclides-da-Cunha-2022.jpg\" alt=\"\" class=\"wp-image-41232\" srcset=\"https:\/\/www.portalalerta.com.br\/wp-content\/uploads\/2022\/02\/foragidos-de-Euclides-da-Cunha-2022.jpg 500w, https:\/\/www.portalalerta.com.br\/wp-content\/uploads\/2022\/02\/foragidos-de-Euclides-da-Cunha-2022-270x240.jpg 270w, https:\/\/www.portalalerta.com.br\/wp-content\/uploads\/2022\/02\/foragidos-de-Euclides-da-Cunha-2022-164x146.jpg 164w, https:\/\/www.portalalerta.com.br\/wp-content\/uploads\/2022\/02\/foragidos-de-Euclides-da-Cunha-2022-50x44.jpg 50w, https:\/\/www.portalalerta.com.br\/wp-content\/uploads\/2022\/02\/foragidos-de-Euclides-da-Cunha-2022-84x75.jpg 84w\" sizes=\"(max-width: 500px) 100vw, 500px\" \/><figcaption>Nem (esquerda), Jos\u00e9 Messias (direita)<\/figcaption><\/figure><\/div>\n\n\n\n<p><em>Reda\u00e7\u00e3o: Portal Alerta &nbsp;&nbsp;&nbsp;&nbsp;&nbsp;&nbsp;&nbsp;&nbsp;&nbsp;&nbsp;&nbsp;&nbsp;&nbsp;&nbsp;&nbsp;&nbsp;&nbsp;&nbsp;&nbsp;&nbsp;&nbsp;&nbsp;&nbsp;&nbsp;&nbsp;&nbsp;&nbsp;&nbsp;&nbsp;&nbsp;&nbsp;&nbsp;&nbsp;<\/em><\/p>\n","protected":false},"excerpt":{"rendered":"<p>Um dos foragidos do Complexo Policial de Euclides da Cunha-BA, no dia 23 de fevereiro do corrente ano, foi capturado nesta quarta-feira (09).<\/p>\n","protected":false},"author":2,"featured_media":15607,"comment_status":"open","ping_status":"open","sticky":false,"template":"","format":"standard","meta":{"om_disable_all_campaigns":false,"_monsterinsights_skip_tracking":false,"_monsterinsights_sitenote_active":false,"_monsterinsights_sitenote_note":"","_monsterinsights_sitenote_category":0,"footnotes":""},"categories":[33,70,17,69,32,22],"tags":[557,491,129,1350,122,77],"class_list":["post-41487","post","type-post","status-publish","format-standard","has-post-thumbnail","hentry","category-bahia","category-destaques","category-euclides-da-cunha","category-noticias2","category-regiao","category-seguranca","tag-25a-coorpin","tag-canudos","tag-euclides-da-cunha","tag-foragidos","tag-policia-civil","tag-preso"],"aioseo_notices":[],"_links":{"self":[{"href":"https:\/\/www.portalalerta.com.br\/index.php\/wp-json\/wp\/v2\/posts\/41487","targetHints":{"allow":["GET"]}}],"collection":[{"href":"https:\/\/www.portalalerta.com.br\/index.php\/wp-json\/wp\/v2\/posts"}],"about":[{"href":"https:\/\/www.portalalerta.com.br\/index.php\/wp-json\/wp\/v2\/types\/post"}],"author":[{"embeddable":true,"href":"https:\/\/www.portalalerta.com.br\/index.php\/wp-json\/wp\/v2\/users\/2"}],"replies":[{"embeddable":true,"href":"https:\/\/www.portalalerta.com.br\/index.php\/wp-json\/wp\/v2\/comments?post=41487"}],"version-history":[{"count":1,"href":"https:\/\/www.portalalerta.com.br\/index.php\/wp-json\/wp\/v2\/posts\/41487\/revisions"}],"predecessor-version":[{"id":41488,"href":"https:\/\/www.portalalerta.com.br\/index.php\/wp-json\/wp\/v2\/posts\/41487\/revisions\/41488"}],"wp:featuredmedia":[{"embeddable":true,"href":"https:\/\/www.portalalerta.com.br\/index.php\/wp-json\/wp\/v2\/media\/15607"}],"wp:attachment":[{"href":"https:\/\/www.portalalerta.com.br\/index.php\/wp-json\/wp\/v2\/media?parent=41487"}],"wp:term":[{"taxonomy":"category","embeddable":true,"href":"https:\/\/www.portalalerta.com.br\/index.php\/wp-json\/wp\/v2\/categories?post=41487"},{"taxonomy":"post_tag","embeddable":true,"href":"https:\/\/www.portalalerta.com.br\/index.php\/wp-json\/wp\/v2\/tags?post=41487"}],"curies":[{"name":"wp","href":"https:\/\/api.w.org\/{rel}","templated":true}]}}