{"id":41495,"date":"2022-03-11T14:47:00","date_gmt":"2022-03-11T17:47:00","guid":{"rendered":"https:\/\/www.portalalerta.com.br\/?p=41495"},"modified":"2022-03-11T14:47:02","modified_gmt":"2022-03-11T17:47:02","slug":"policia-recupera-veiculo-furtado-horas-apos-ter-sido-furtado-em-banzae-ba","status":"publish","type":"post","link":"https:\/\/www.portalalerta.com.br\/index.php\/2022\/03\/11\/policia-recupera-veiculo-furtado-horas-apos-ter-sido-furtado-em-banzae-ba\/","title":{"rendered":"Pol\u00edcia recupera ve\u00edculo furtado, horas ap\u00f3s ter sido furtado em Banza\u00ea-BA"},"content":{"rendered":"\n<p>Por volta das 15hs da \u00faltima quarta-feira (09), policiais militares do 2\u00ba Pelot\u00e3o\/ Banza\u00ea-BA, receberam uma den\u00fancia de furto, ocorrido no bairro Nova Mirandela, no referido munic\u00edpio. Segundo relatos, uma moto Honda CG de cor azul, tinha sido subtra\u00edda pelo criminoso.<\/p>\n\n\n\n<!--more-->\n\n\n\n<p>Imediatamente foram iniciadas as buscas, e j\u00e1 por volta das 20hs, os militares foram informados a respeito de uma moto com caracter\u00edsticas semelhantes, que estaria no bairro Morumbi, tamb\u00e9m no mesmo munic\u00edpio.<\/p>\n\n\n\n<p>No local, os militares confirmaram a suspeita, encontrando o ve\u00edculo que estava estacionado. Foram realizados os procedimentos legais para a devida devolu\u00e7\u00e3o do bem ao propriet\u00e1rio. Ningu\u00e9m foi preso na a\u00e7\u00e3o.<\/p>\n\n\n\n<p><em>Reda\u00e7\u00e3o: Portal Alerta<\/em><\/p>\n","protected":false},"excerpt":{"rendered":"<p>Por volta das 15hs da \u00faltima quarta-feira (09), policiais militares do 2\u00ba Pelot\u00e3o\/ Banza\u00ea-BA, receberam uma den\u00fancia de furto, ocorrido no bairro Nova Mirandela, no referido munic\u00edpio. Segundo relatos, uma moto Honda CG de cor azul, tinha sido subtra\u00edda pelo criminoso.<\/p>\n","protected":false},"author":2,"featured_media":41496,"comment_status":"open","ping_status":"open","sticky":false,"template":"","format":"standard","meta":{"om_disable_all_campaigns":false,"_monsterinsights_skip_tracking":false,"_monsterinsights_sitenote_active":false,"_monsterinsights_sitenote_note":"","_monsterinsights_sitenote_category":0,"footnotes":""},"categories":[39,70,69,32,22],"tags":[49,1531,79,102],"class_list":["post-41495","post","type-post","status-publish","format-standard","has-post-thumbnail","hentry","category-banzae","category-destaques","category-noticias2","category-regiao","category-seguranca","tag-banzae","tag-furto-de-moto","tag-policia-militar","tag-veiculo-recuperado"],"aioseo_notices":[],"_links":{"self":[{"href":"https:\/\/www.portalalerta.com.br\/index.php\/wp-json\/wp\/v2\/posts\/41495","targetHints":{"allow":["GET"]}}],"collection":[{"href":"https:\/\/www.portalalerta.com.br\/index.php\/wp-json\/wp\/v2\/posts"}],"about":[{"href":"https:\/\/www.portalalerta.com.br\/index.php\/wp-json\/wp\/v2\/types\/post"}],"author":[{"embeddable":true,"href":"https:\/\/www.portalalerta.com.br\/index.php\/wp-json\/wp\/v2\/users\/2"}],"replies":[{"embeddable":true,"href":"https:\/\/www.portalalerta.com.br\/index.php\/wp-json\/wp\/v2\/comments?post=41495"}],"version-history":[{"count":1,"href":"https:\/\/www.portalalerta.com.br\/index.php\/wp-json\/wp\/v2\/posts\/41495\/revisions"}],"predecessor-version":[{"id":41497,"href":"https:\/\/www.portalalerta.com.br\/index.php\/wp-json\/wp\/v2\/posts\/41495\/revisions\/41497"}],"wp:featuredmedia":[{"embeddable":true,"href":"https:\/\/www.portalalerta.com.br\/index.php\/wp-json\/wp\/v2\/media\/41496"}],"wp:attachment":[{"href":"https:\/\/www.portalalerta.com.br\/index.php\/wp-json\/wp\/v2\/media?parent=41495"}],"wp:term":[{"taxonomy":"category","embeddable":true,"href":"https:\/\/www.portalalerta.com.br\/index.php\/wp-json\/wp\/v2\/categories?post=41495"},{"taxonomy":"post_tag","embeddable":true,"href":"https:\/\/www.portalalerta.com.br\/index.php\/wp-json\/wp\/v2\/tags?post=41495"}],"curies":[{"name":"wp","href":"https:\/\/api.w.org\/{rel}","templated":true}]}}