{"id":41498,"date":"2022-03-12T08:00:00","date_gmt":"2022-03-12T11:00:00","guid":{"rendered":"https:\/\/www.portalalerta.com.br\/?p=41498"},"modified":"2022-03-12T02:03:14","modified_gmt":"2022-03-12T05:03:14","slug":"gasolina-ja-aumentou-157-desde-o-inicio-do-governo-bolsonaro","status":"publish","type":"post","link":"https:\/\/www.portalalerta.com.br\/index.php\/2022\/03\/12\/gasolina-ja-aumentou-157-desde-o-inicio-do-governo-bolsonaro\/","title":{"rendered":"Gasolina j\u00e1 aumentou 157% desde o in\u00edcio do governo Bolsonaro"},"content":{"rendered":"\n<p>Desde o in\u00edcio do governo de Jair Bolsonaro, em janeiro de 2019, a gasolina teve reajuste de 157,33% enquanto a\u00a0infla\u00e7\u00e3o foi de 20,6% no per\u00edodo, de acordo com dados da Petrobras analisados pelo Departamento Intersindical de Estat\u00edsticas e Estudos Socioecon\u00f4micos (Dieese) e atualizados para o \u00faltimo aumento desta quinta-feira (10).<\/p>\n\n\n\n<!--more-->\n\n\n\n<p>No come\u00e7o da gest\u00e3o Bolsonaro, a Petrobras vendia o litro da gasolina para as refinarias por cerca de R$ 1,50. Com o reajuste, que come\u00e7ou a valer a partir desta sexta-feira (11),\u00a0o pre\u00e7o m\u00e9dio da gasolina passou de R$ 3,25 para R$ 3,86 o litro, um aumento de 18,77%.<\/p>\n\n\n\n<div class=\"wp-block-image\"><figure class=\"alignleft size-full is-resized\"><img fetchpriority=\"high\" decoding=\"async\" src=\"https:\/\/www.portalalerta.com.br\/wp-content\/uploads\/2021\/04\/ELAB.jpg\" alt=\"\" class=\"wp-image-34795\" width=\"415\" height=\"331\" srcset=\"https:\/\/www.portalalerta.com.br\/wp-content\/uploads\/2021\/04\/ELAB.jpg 1000w, https:\/\/www.portalalerta.com.br\/wp-content\/uploads\/2021\/04\/ELAB-300x240.jpg 300w, https:\/\/www.portalalerta.com.br\/wp-content\/uploads\/2021\/04\/ELAB-768x614.jpg 768w, https:\/\/www.portalalerta.com.br\/wp-content\/uploads\/2021\/04\/ELAB-183x146.jpg 183w, https:\/\/www.portalalerta.com.br\/wp-content\/uploads\/2021\/04\/ELAB-50x40.jpg 50w, https:\/\/www.portalalerta.com.br\/wp-content\/uploads\/2021\/04\/ELAB-94x75.jpg 94w\" sizes=\"(max-width: 415px) 100vw, 415px\" \/><\/figure><\/div>\n\n\n\n<p>A \u00faltima altera\u00e7\u00e3o no pre\u00e7o dos combust\u00edveis foi h\u00e1 quase dois meses, em 11 de janeiro. Em nota, a Petrobras afirma que os valores <strong><em>&#8220;refletem parte da eleva\u00e7\u00e3o dos patamares internacionais de pre\u00e7os de petr\u00f3leo, impactados pela oferta limitada frente \u00e0 demanda mundial por energia&#8221;<\/em><\/strong>.<\/p>\n\n\n\n<p>No fim de janeiro, o pre\u00e7o m\u00e9dio da gasolina em cinco estados ultrapassou a barreira dos R$ 7 por litro, chegando at\u00e9 R$ 7,024.<\/p>\n\n\n\n<p>Atualmente, o pre\u00e7o m\u00e9dio da gasolina para o consumidor final \u00e9 de R$ 6,57, segundo dados do levantamento da ANP, realizado entre 27 de fevereiro e 5 de mar\u00e7o. Com este aumento da Petrobras, a expectativa \u00e9 de que o valor dos combust\u00edveis suba ainda mais.<\/p>\n\n\n\n<p>Justamente o medo do repasse para a bomba provocou uma corrida aos postos. Em v\u00e1rios estados, motoristas enfrentaram horas de fila para tentar encher o tanque antes da entrada em vigor dos novos pre\u00e7os.<\/p>\n\n\n\n<p><strong>Mudan\u00e7as no ICMS<\/strong><\/p>\n\n\n\n<p>Para tentar reduzir o pre\u00e7o desses produtos ao consumidor, a\u00a0C\u00e2mara dos Deputados aprovou, na madrugada desta sexta-feira (11), a proposta que altera as normas de cobran\u00e7a do Imposto sobre Circula\u00e7\u00e3o de Mercadorias e Servi\u00e7os (ICMS) sobre os combust\u00edveis. Medida ir\u00e1 a san\u00e7\u00e3o do presidente Jair Bolsonaro.<\/p>\n\n\n\n<p>As novas regras valer\u00e3o para gasolina, \u00e1lcool combust\u00edvel, diesel e biodiesel, g\u00e1s liquefeito de petr\u00f3leo, inclusive o derivado de g\u00e1s natural.<\/p>\n\n\n\n<p><em>Fonte: Yahoo Not\u00edcias<\/em><\/p>\n","protected":false},"excerpt":{"rendered":"<p>Desde o in\u00edcio do governo de Jair Bolsonaro, em janeiro de 2019, a gasolina teve reajuste de 157,33% enquanto a\u00a0infla\u00e7\u00e3o foi de 20,6% no per\u00edodo, de acordo com dados da Petrobras analisados pelo Departamento Intersindical de Estat\u00edsticas e Estudos Socioecon\u00f4micos (Dieese) e atualizados para o \u00faltimo aumento desta quinta-feira (10).<\/p>\n","protected":false},"author":2,"featured_media":38822,"comment_status":"open","ping_status":"open","sticky":false,"template":"","format":"standard","meta":{"om_disable_all_campaigns":false,"_monsterinsights_skip_tracking":false,"_monsterinsights_sitenote_active":false,"_monsterinsights_sitenote_note":"","_monsterinsights_sitenote_category":0,"footnotes":""},"categories":[34,70,69,21],"tags":[93,273,1395],"class_list":["post-41498","post","type-post","status-publish","format-standard","has-post-thumbnail","hentry","category-brasil","category-destaques","category-noticias2","category-politica","tag-brasil","tag-combustivel","tag-jair-bolsonaro"],"aioseo_notices":[],"_links":{"self":[{"href":"https:\/\/www.portalalerta.com.br\/index.php\/wp-json\/wp\/v2\/posts\/41498","targetHints":{"allow":["GET"]}}],"collection":[{"href":"https:\/\/www.portalalerta.com.br\/index.php\/wp-json\/wp\/v2\/posts"}],"about":[{"href":"https:\/\/www.portalalerta.com.br\/index.php\/wp-json\/wp\/v2\/types\/post"}],"author":[{"embeddable":true,"href":"https:\/\/www.portalalerta.com.br\/index.php\/wp-json\/wp\/v2\/users\/2"}],"replies":[{"embeddable":true,"href":"https:\/\/www.portalalerta.com.br\/index.php\/wp-json\/wp\/v2\/comments?post=41498"}],"version-history":[{"count":1,"href":"https:\/\/www.portalalerta.com.br\/index.php\/wp-json\/wp\/v2\/posts\/41498\/revisions"}],"predecessor-version":[{"id":41499,"href":"https:\/\/www.portalalerta.com.br\/index.php\/wp-json\/wp\/v2\/posts\/41498\/revisions\/41499"}],"wp:featuredmedia":[{"embeddable":true,"href":"https:\/\/www.portalalerta.com.br\/index.php\/wp-json\/wp\/v2\/media\/38822"}],"wp:attachment":[{"href":"https:\/\/www.portalalerta.com.br\/index.php\/wp-json\/wp\/v2\/media?parent=41498"}],"wp:term":[{"taxonomy":"category","embeddable":true,"href":"https:\/\/www.portalalerta.com.br\/index.php\/wp-json\/wp\/v2\/categories?post=41498"},{"taxonomy":"post_tag","embeddable":true,"href":"https:\/\/www.portalalerta.com.br\/index.php\/wp-json\/wp\/v2\/tags?post=41498"}],"curies":[{"name":"wp","href":"https:\/\/api.w.org\/{rel}","templated":true}]}}