{"id":41500,"date":"2022-03-12T08:01:00","date_gmt":"2022-03-12T11:01:00","guid":{"rendered":"https:\/\/www.portalalerta.com.br\/?p=41500"},"modified":"2022-03-12T02:10:51","modified_gmt":"2022-03-12T05:10:51","slug":"morador-de-cicero-dantas-ba-e-preso-em-ribeira-do-pombal-ba-ao-ser-flagrado-com-veiculo-roubado","status":"publish","type":"post","link":"https:\/\/www.portalalerta.com.br\/index.php\/2022\/03\/12\/morador-de-cicero-dantas-ba-e-preso-em-ribeira-do-pombal-ba-ao-ser-flagrado-com-veiculo-roubado\/","title":{"rendered":"Morador de C\u00edcero Dantas-BA \u00e9 preso em Ribeira do Pombal-BA ao ser flagrado com ve\u00edculo roubado"},"content":{"rendered":"\n<p>Um ve\u00edculo GM\/Celta, ano\/modelo 2002 com ocorr\u00eancia de roubo, foi recuperado pela Pol\u00edcia Rodovi\u00e1ria Federal (PRF) na tarde de quinta-feira (10), em Ribeira do Pombal-BA.<\/p>\n\n\n\n<!--more-->\n\n\n\n<p>Os policiais realizavam fiscaliza\u00e7\u00e3o de combate \u00e0 criminalidade no Km 170 da BR 110, quando abordou o Celta com placas de Ribeir\u00f3polis (SE).<\/p>\n\n\n\n<p>A inspe\u00e7\u00e3o veicular revelou que o autom\u00f3vel havia sido roubado em Moita Bonita (SE) em dezembro de 2020.<\/p>\n\n\n\n<div class=\"wp-block-image\"><figure class=\"aligncenter size-full\"><img fetchpriority=\"high\" decoding=\"async\" width=\"720\" height=\"181\" src=\"https:\/\/www.portalalerta.com.br\/wp-content\/uploads\/2018\/02\/Auto-Escola-Nobre.jpg\" alt=\"\" class=\"wp-image-4869\" srcset=\"https:\/\/www.portalalerta.com.br\/wp-content\/uploads\/2018\/02\/Auto-Escola-Nobre.jpg 720w, https:\/\/www.portalalerta.com.br\/wp-content\/uploads\/2018\/02\/Auto-Escola-Nobre-260x65.jpg 260w, https:\/\/www.portalalerta.com.br\/wp-content\/uploads\/2018\/02\/Auto-Escola-Nobre-50x13.jpg 50w, https:\/\/www.portalalerta.com.br\/wp-content\/uploads\/2018\/02\/Auto-Escola-Nobre-150x38.jpg 150w\" sizes=\"(max-width: 720px) 100vw, 720px\" \/><\/figure><\/div>\n\n\n\n<p>Aos policiais, o motorista de 40 anos relatou que adquiriu o carro h\u00e1 apenas 5 dias e pagou 6.000 reais em esp\u00e9cie.<\/p>\n\n\n\n<p>Em seguida, o homem que trabalha como agricultor e reside na cidade baiana de C\u00edcero Dantas foi preso e encaminhado \u00e0 Delegacia de Pol\u00edcia Civil, para formaliza\u00e7\u00e3o dos procedimentos da lavratura do flagrante. Inicialmente, ele responder\u00e1 pelo crime previsto no artigo 180 (Recepta\u00e7\u00e3o) do C\u00f3digo Penal.<\/p>\n\n\n\n<p><em>Fonte: Gov.br<\/em><\/p>\n","protected":false},"excerpt":{"rendered":"<p>Um ve\u00edculo GM\/Celta, ano\/modelo 2002 com ocorr\u00eancia de roubo, foi recuperado pela Pol\u00edcia Rodovi\u00e1ria Federal (PRF) na tarde de quinta-feira (10), em Ribeira do Pombal-BA.<\/p>\n","protected":false},"author":2,"featured_media":5295,"comment_status":"open","ping_status":"open","sticky":false,"template":"","format":"standard","meta":{"om_disable_all_campaigns":false,"_monsterinsights_skip_tracking":false,"_monsterinsights_sitenote_active":false,"_monsterinsights_sitenote_note":"","_monsterinsights_sitenote_category":0,"footnotes":""},"categories":[4,70,69,32,3,22],"tags":[75,77,149,47,200,102],"class_list":["post-41500","post","type-post","status-publish","format-standard","has-post-thumbnail","hentry","category-cicero-dantas","category-destaques","category-noticias2","category-regiao","category-ribeira-do-pombal","category-seguranca","tag-cicero-dantas","tag-preso","tag-prf","tag-ribeira-do-pombal","tag-roubo-de-carro","tag-veiculo-recuperado"],"aioseo_notices":[],"_links":{"self":[{"href":"https:\/\/www.portalalerta.com.br\/index.php\/wp-json\/wp\/v2\/posts\/41500","targetHints":{"allow":["GET"]}}],"collection":[{"href":"https:\/\/www.portalalerta.com.br\/index.php\/wp-json\/wp\/v2\/posts"}],"about":[{"href":"https:\/\/www.portalalerta.com.br\/index.php\/wp-json\/wp\/v2\/types\/post"}],"author":[{"embeddable":true,"href":"https:\/\/www.portalalerta.com.br\/index.php\/wp-json\/wp\/v2\/users\/2"}],"replies":[{"embeddable":true,"href":"https:\/\/www.portalalerta.com.br\/index.php\/wp-json\/wp\/v2\/comments?post=41500"}],"version-history":[{"count":1,"href":"https:\/\/www.portalalerta.com.br\/index.php\/wp-json\/wp\/v2\/posts\/41500\/revisions"}],"predecessor-version":[{"id":41501,"href":"https:\/\/www.portalalerta.com.br\/index.php\/wp-json\/wp\/v2\/posts\/41500\/revisions\/41501"}],"wp:featuredmedia":[{"embeddable":true,"href":"https:\/\/www.portalalerta.com.br\/index.php\/wp-json\/wp\/v2\/media\/5295"}],"wp:attachment":[{"href":"https:\/\/www.portalalerta.com.br\/index.php\/wp-json\/wp\/v2\/media?parent=41500"}],"wp:term":[{"taxonomy":"category","embeddable":true,"href":"https:\/\/www.portalalerta.com.br\/index.php\/wp-json\/wp\/v2\/categories?post=41500"},{"taxonomy":"post_tag","embeddable":true,"href":"https:\/\/www.portalalerta.com.br\/index.php\/wp-json\/wp\/v2\/tags?post=41500"}],"curies":[{"name":"wp","href":"https:\/\/api.w.org\/{rel}","templated":true}]}}