{"id":41502,"date":"2022-03-12T08:02:00","date_gmt":"2022-03-12T11:02:00","guid":{"rendered":"https:\/\/www.portalalerta.com.br\/?p=41502"},"modified":"2022-03-12T02:24:15","modified_gmt":"2022-03-12T05:24:15","slug":"ipca-de-fevereiro-sobe-1-a-maior-inflacao-para-o-mes-desde-2015","status":"publish","type":"post","link":"https:\/\/www.portalalerta.com.br\/index.php\/2022\/03\/12\/ipca-de-fevereiro-sobe-1-a-maior-inflacao-para-o-mes-desde-2015\/","title":{"rendered":"IPCA de fevereiro sobe 1%, a maior infla\u00e7\u00e3o para o m\u00eas desde 2015"},"content":{"rendered":"\n<p>O \u00cdndice Nacional de Pre\u00e7os ao Consumidor Amplo (IPCA), considerada a infla\u00e7\u00e3o oficial do pa\u00eds, acelerou 1,01% em fevereiro ap\u00f3s ter registrado taxa de 0,54% em janeiro, segundo divulgou nesta sexta-feira (11) o Instituto Brasileiro de Geografia e Estat\u00edstica.<\/p>\n\n\n\n<!--more-->\n\n\n\n<p>\u00c9 a maior varia\u00e7\u00e3o para fevereiro desde 2015 (1,22%) e a maior taxa mensal desde outubro do ano passado (1,25%).<\/p>\n\n\n\n<p>Em 12 meses, o IPCA j\u00e1 teve alta de 10,54%, mantendo acima do dobro do teto da meta para o ano.<\/p>\n\n\n\n<p><strong>Acima do esperado pelo mercado<\/strong><\/p>\n\n\n\n<div class=\"wp-block-image\"><figure class=\"alignleft size-large is-resized\"><img fetchpriority=\"high\" decoding=\"async\" src=\"https:\/\/www.portalalerta.com.br\/wp-content\/uploads\/2022\/03\/Real-Calcados-Estilo-e-Moda-para-Voce-1024x459.jpeg\" alt=\"\" class=\"wp-image-41407\" width=\"402\" height=\"179\"\/><\/figure><\/div>\n\n\n\n<p>Pesquisa da Reuters apontou que a expectativa de analistas era de alta de 0,95% em fevereiro, acumulando alta de 10,50% em 12 meses<\/p>\n\n\n\n<p>Todos os grupos de produtos e servi\u00e7os pesquisados tiveram alta em no m\u00eas, com destaque para os grupos Educa\u00e7\u00e3o (5,61%) e Alimenta\u00e7\u00e3o e Bebidas (1,28%). Juntos, os dois representaram 57% da infla\u00e7\u00e3o de fevereiro.<\/p>\n\n\n\n<p><strong>O que pesou em fevereiro<\/strong><\/p>\n\n\n\n<p>Em Educa\u00e7\u00e3o, o maior impacto na infla\u00e7\u00e3o veio de cursos regulares (6,67%), com ensino fundamental (8,06%), a pr\u00e9-escola (7,67%) e o ensino m\u00e9dio (7,53%) puxando a alta.<\/p>\n\n\n\n<p>Os pre\u00e7os dos cursos de ensino superior e de p\u00f3s-gradua\u00e7\u00e3o subiram 5,82% e 2,79%, respectivamente. J\u00e1 cursos diversos tiveram alta de 3,91%, sendo que o maior aumento nos cursos de idioma (7,29%).<\/p>\n\n\n\n<p>J\u00e1 no grupo de Alimenta\u00e7\u00e3o e Bebidas a press\u00e3o veio de alimentos para consumo no domic\u00edlio (1,65%), com destaque para itens como batata-inglesa (23,49%), cenoura (55,41%), frutas (3,55%). Em contrapartida houve queda no pre\u00e7o do frango inteiro (-2,29%) e do frango em peda\u00e7os (-1,35%).<\/p>\n\n\n\n<p><strong>Expectativa para 2022<\/strong><\/p>\n\n\n\n<p>Com a&nbsp;guerra na Ucr\u00e2nia, a&nbsp;press\u00e3o nos pre\u00e7os nos setores de energia e alimentos deve se acentuar.&nbsp;A&nbsp;Petrobras j\u00e1 anunciou um reajuste pesado na gasolina, g\u00e1s de cozinha e diesel. Trigo, milho, soja e outros gr\u00e3os tamb\u00e9m j\u00e1 tiveram seus pre\u00e7os reajustados.<\/p>\n\n\n\n<p>Com esse quadro, a expectativa para a infla\u00e7\u00e3o desse ano piorou. A m\u00e9dia do mercado para a infla\u00e7\u00e3o est\u00e1 em 5,65%, mas j\u00e1 existem proje\u00e7\u00f5es para um IPCA acima de 6% no ano.<\/p>\n\n\n\n<p>Vale lembrar que a meta central para o IPCA deste ano \u00e9 de 3,50%, com toler\u00e2ncia de 1,5% para baixo ou para cima.<\/p>\n\n\n\n<p>A proje\u00e7\u00e3o para a Selic ao final de 2022 tamb\u00e9m aumentou &#8211; 12,25%. A taxa b\u00e1sica de juros hoje est\u00e1 em 10,75%.<\/p>\n\n\n\n<p><em>Fonte: Yahoo Not\u00edcias<\/em><\/p>\n","protected":false},"excerpt":{"rendered":"<p>O \u00cdndice Nacional de Pre\u00e7os ao Consumidor Amplo (IPCA), considerada a infla\u00e7\u00e3o oficial do pa\u00eds, acelerou 1,01% em fevereiro ap\u00f3s ter registrado taxa de 0,54% em janeiro, segundo divulgou nesta sexta-feira (11) o Instituto Brasileiro de Geografia e Estat\u00edstica.<\/p>\n","protected":false},"author":2,"featured_media":22180,"comment_status":"open","ping_status":"open","sticky":false,"template":"","format":"standard","meta":{"om_disable_all_campaigns":false,"_monsterinsights_skip_tracking":false,"_monsterinsights_sitenote_active":false,"_monsterinsights_sitenote_note":"","_monsterinsights_sitenote_category":0,"footnotes":""},"categories":[34,70,69,21],"tags":[93,359,2714],"class_list":["post-41502","post","type-post","status-publish","format-standard","has-post-thumbnail","hentry","category-brasil","category-destaques","category-noticias2","category-politica","tag-brasil","tag-inflacao","tag-ipca"],"aioseo_notices":[],"_links":{"self":[{"href":"https:\/\/www.portalalerta.com.br\/index.php\/wp-json\/wp\/v2\/posts\/41502","targetHints":{"allow":["GET"]}}],"collection":[{"href":"https:\/\/www.portalalerta.com.br\/index.php\/wp-json\/wp\/v2\/posts"}],"about":[{"href":"https:\/\/www.portalalerta.com.br\/index.php\/wp-json\/wp\/v2\/types\/post"}],"author":[{"embeddable":true,"href":"https:\/\/www.portalalerta.com.br\/index.php\/wp-json\/wp\/v2\/users\/2"}],"replies":[{"embeddable":true,"href":"https:\/\/www.portalalerta.com.br\/index.php\/wp-json\/wp\/v2\/comments?post=41502"}],"version-history":[{"count":2,"href":"https:\/\/www.portalalerta.com.br\/index.php\/wp-json\/wp\/v2\/posts\/41502\/revisions"}],"predecessor-version":[{"id":41506,"href":"https:\/\/www.portalalerta.com.br\/index.php\/wp-json\/wp\/v2\/posts\/41502\/revisions\/41506"}],"wp:featuredmedia":[{"embeddable":true,"href":"https:\/\/www.portalalerta.com.br\/index.php\/wp-json\/wp\/v2\/media\/22180"}],"wp:attachment":[{"href":"https:\/\/www.portalalerta.com.br\/index.php\/wp-json\/wp\/v2\/media?parent=41502"}],"wp:term":[{"taxonomy":"category","embeddable":true,"href":"https:\/\/www.portalalerta.com.br\/index.php\/wp-json\/wp\/v2\/categories?post=41502"},{"taxonomy":"post_tag","embeddable":true,"href":"https:\/\/www.portalalerta.com.br\/index.php\/wp-json\/wp\/v2\/tags?post=41502"}],"curies":[{"name":"wp","href":"https:\/\/api.w.org\/{rel}","templated":true}]}}