{"id":41509,"date":"2022-03-13T18:46:18","date_gmt":"2022-03-13T21:46:18","guid":{"rendered":"https:\/\/www.portalalerta.com.br\/?p=41509"},"modified":"2022-03-13T18:46:19","modified_gmt":"2022-03-13T21:46:19","slug":"tucano-ba-pl-aprovado-enfraquece-todas-as-representacoes-sindicais-avalia-sindsmut","status":"publish","type":"post","link":"https:\/\/www.portalalerta.com.br\/index.php\/2022\/03\/13\/tucano-ba-pl-aprovado-enfraquece-todas-as-representacoes-sindicais-avalia-sindsmut\/","title":{"rendered":"Tucano-BA: PL aprovado enfraquece todas as representa\u00e7\u00f5es sindicais, avalia SINDSMUT"},"content":{"rendered":"\n<p>Projeto de Lei n\u00ba 003 aprovado pela C\u00e2mara de Vereadores do Munic\u00edpio de Tucano enfraquece todas as representa\u00e7\u00f5es sindicais, avalia SINDSMUT \u2013 Sindicato dos Trabalhadores no Servi\u00e7o P\u00fablico Municipal de Tucano. A vota\u00e7\u00e3o ocorreu nesta quinta-feira (10) em uma sess\u00e3o marcada pela ocupa\u00e7\u00e3o de pessoas que tentavam adiar a vota\u00e7\u00e3o.<\/p>\n\n\n\n<!--more-->\n\n\n\n<div class=\"wp-block-image\"><figure class=\"alignleft size-full is-resized\"><img fetchpriority=\"high\" decoding=\"async\" src=\"https:\/\/www.portalalerta.com.br\/wp-content\/uploads\/2021\/04\/ELAB.jpg\" alt=\"\" class=\"wp-image-34795\" width=\"393\" height=\"314\" srcset=\"https:\/\/www.portalalerta.com.br\/wp-content\/uploads\/2021\/04\/ELAB.jpg 1000w, https:\/\/www.portalalerta.com.br\/wp-content\/uploads\/2021\/04\/ELAB-300x240.jpg 300w, https:\/\/www.portalalerta.com.br\/wp-content\/uploads\/2021\/04\/ELAB-768x614.jpg 768w, https:\/\/www.portalalerta.com.br\/wp-content\/uploads\/2021\/04\/ELAB-183x146.jpg 183w, https:\/\/www.portalalerta.com.br\/wp-content\/uploads\/2021\/04\/ELAB-50x40.jpg 50w, https:\/\/www.portalalerta.com.br\/wp-content\/uploads\/2021\/04\/ELAB-94x75.jpg 94w\" sizes=\"(max-width: 393px) 100vw, 393px\" \/><\/figure><\/div>\n\n\n\n<p>Segundo o SINDSMUT, a lei reduz para dois o n\u00famero de profissionais do magist\u00e9rio com direito a licen\u00e7a para exerc\u00edcio de mandato sindical. \u201cNa pr\u00e1tica, o PL-003 enfraquece todas as representa\u00e7\u00f5es sindicais de nossa cidade, j\u00e1 que at\u00e9 hoje nenhuma outra classe possui este direito no munic\u00edpio\u201d, detalha o site da entidade.<\/p>\n\n\n\n<p>A entidade diz que o PL \u00e9 de autoria do prefeito Ricardo Maia Filho (PSD-BA), classificando como <strong><em>\u201cum golpe contra sindicatos e servidores de Tucano, ao tempo em que critica o pai do prefeito, o ex-prefeito do Munic\u00edpio de Ribeira do Pombal e pr\u00e9-candidato a Deputado Federal Ricardo Maia, por indicar um hist\u00f3rico de embates com os sindicatos de Ribeira do Pombal, onde foi prefeito por dois mandatos<\/em><\/strong>. <strong><em>Desta vez, no entanto, os servidores tucanenses n\u00e3o se deram por vencidos. Antes que terminasse o intervalo da sess\u00e3o, sentaram nas cadeiras dos parlamentares, impedindo a vota\u00e7\u00e3o do PL e exigindo a abertura de negocia\u00e7\u00f5es com o poder p\u00fablico. Os vereadores chegaram a deixar o pr\u00e9dio da C\u00e2mara durante o almo\u00e7o, mas vendo que a as repercuss\u00f5es da ocupa\u00e7\u00e3o come\u00e7avam a mobilizar mais servidores, retornaram pela porta dos fundos e votaram os projetos do dia, trancados na sala do presidente, Jorge Seixas. Ao saber do desfecho, os l\u00edderes sindicais encerraram a ocupa\u00e7\u00e3o, mas deliberaram antes de sair que deveria ser convocada uma Assembleia Geral para decidir qual o rumo da luta dos servidores, j\u00e1 que as possibilidades de di\u00e1logo se esgotaram.<\/em><\/strong><\/p>\n\n\n\n<p><em>Fonte: euclidesdacunha.com<\/em><\/p>\n","protected":false},"excerpt":{"rendered":"<p>Projeto de Lei n\u00ba 003 aprovado pela C\u00e2mara de Vereadores do Munic\u00edpio de Tucano enfraquece todas as representa\u00e7\u00f5es sindicais, avalia SINDSMUT \u2013 Sindicato dos Trabalhadores no Servi\u00e7o P\u00fablico Municipal de Tucano. A vota\u00e7\u00e3o ocorreu nesta quinta-feira (10) em uma sess\u00e3o marcada pela ocupa\u00e7\u00e3o de pessoas que tentavam adiar a vota\u00e7\u00e3o.<\/p>\n","protected":false},"author":2,"featured_media":41510,"comment_status":"open","ping_status":"open","sticky":false,"template":"","format":"standard","meta":{"om_disable_all_campaigns":false,"_monsterinsights_skip_tracking":false,"_monsterinsights_sitenote_active":false,"_monsterinsights_sitenote_note":"","_monsterinsights_sitenote_category":0,"footnotes":""},"categories":[70,20,69,21,32,12],"tags":[211,213,715,5042,2325,190],"class_list":["post-41509","post","type-post","status-publish","format-standard","has-post-thumbnail","hentry","category-destaques","category-educacao","category-noticias2","category-politica","category-regiao","category-tucano","tag-camara-de-vereadores","tag-projeto","tag-sindicato","tag-sindicatos","tag-sindismut","tag-tucano"],"aioseo_notices":[],"_links":{"self":[{"href":"https:\/\/www.portalalerta.com.br\/index.php\/wp-json\/wp\/v2\/posts\/41509","targetHints":{"allow":["GET"]}}],"collection":[{"href":"https:\/\/www.portalalerta.com.br\/index.php\/wp-json\/wp\/v2\/posts"}],"about":[{"href":"https:\/\/www.portalalerta.com.br\/index.php\/wp-json\/wp\/v2\/types\/post"}],"author":[{"embeddable":true,"href":"https:\/\/www.portalalerta.com.br\/index.php\/wp-json\/wp\/v2\/users\/2"}],"replies":[{"embeddable":true,"href":"https:\/\/www.portalalerta.com.br\/index.php\/wp-json\/wp\/v2\/comments?post=41509"}],"version-history":[{"count":1,"href":"https:\/\/www.portalalerta.com.br\/index.php\/wp-json\/wp\/v2\/posts\/41509\/revisions"}],"predecessor-version":[{"id":41511,"href":"https:\/\/www.portalalerta.com.br\/index.php\/wp-json\/wp\/v2\/posts\/41509\/revisions\/41511"}],"wp:featuredmedia":[{"embeddable":true,"href":"https:\/\/www.portalalerta.com.br\/index.php\/wp-json\/wp\/v2\/media\/41510"}],"wp:attachment":[{"href":"https:\/\/www.portalalerta.com.br\/index.php\/wp-json\/wp\/v2\/media?parent=41509"}],"wp:term":[{"taxonomy":"category","embeddable":true,"href":"https:\/\/www.portalalerta.com.br\/index.php\/wp-json\/wp\/v2\/categories?post=41509"},{"taxonomy":"post_tag","embeddable":true,"href":"https:\/\/www.portalalerta.com.br\/index.php\/wp-json\/wp\/v2\/tags?post=41509"}],"curies":[{"name":"wp","href":"https:\/\/api.w.org\/{rel}","templated":true}]}}