{"id":41512,"date":"2022-03-13T18:51:51","date_gmt":"2022-03-13T21:51:51","guid":{"rendered":"https:\/\/www.portalalerta.com.br\/?p=41512"},"modified":"2022-03-13T18:51:52","modified_gmt":"2022-03-13T21:51:52","slug":"presidente-sanciona-pl-da-cobranca-unica-de-icms-de-combustivel","status":"publish","type":"post","link":"https:\/\/www.portalalerta.com.br\/index.php\/2022\/03\/13\/presidente-sanciona-pl-da-cobranca-unica-de-icms-de-combustivel\/","title":{"rendered":"Presidente sanciona PL da cobran\u00e7a \u00fanica de ICMS de combust\u00edvel"},"content":{"rendered":"\n<p><em>Medida foi publicada em edi\u00e7\u00e3o extra do Di\u00e1rio Oficial da Uni\u00e3o<\/em><\/p>\n\n\n\n<!--more-->\n\n\n\n<p>Na noite desta sexta-feira (11), o presidente Jair Bolsonaro sancionou, na \u00edntegra, o Projeto de Lei Complementar (PLP) n\u00ba 11, de 2020, que prev\u00ea a cobran\u00e7a em uma s\u00f3 vez do Imposto sobre Circula\u00e7\u00e3o de Mercadorias e Servi\u00e7os (ICMS) sobre combust\u00edveis, inclusive importados. O ICMS \u00fanico tamb\u00e9m valer\u00e1 para o g\u00e1s natural e para a querosene de avia\u00e7\u00e3o. A san\u00e7\u00e3o foi publicada em edi\u00e7\u00e3o extra do&nbsp;<em>Di\u00e1rio Oficial da Uni\u00e3o<\/em>.<\/p>\n\n\n\n<p>Atualmente, a al\u00edquota do imposto \u00e9 um percentual cobrado em cima do pre\u00e7o final do litro na bomba, que sofre varia\u00e7\u00f5es do d\u00f3lar e do pre\u00e7o internacional, onerando ainda mais o valor final cobrado dos consumidores. O PL sancionado determina que a cobran\u00e7a do ICMS ocorra sobre o pre\u00e7o na refinaria ou no balc\u00e3o de importa\u00e7\u00e3o, quando o combust\u00edvel vier do exterior. Os novos valores, pela proposta, ser\u00e3o definidos por meio do Conselho Nacional de Pol\u00edtica Fazend\u00e1ria (Confaz), que re\u00fane representantes da \u00e1rea econ\u00f4mica de todos estados e do Distrito Federal.<\/p>\n\n\n\n<div class=\"wp-block-image\"><figure class=\"aligncenter size-full\"><img fetchpriority=\"high\" decoding=\"async\" width=\"720\" height=\"181\" src=\"https:\/\/www.portalalerta.com.br\/wp-content\/uploads\/2018\/02\/Auto-Escola-Nobre.jpg\" alt=\"\" class=\"wp-image-4869\" srcset=\"https:\/\/www.portalalerta.com.br\/wp-content\/uploads\/2018\/02\/Auto-Escola-Nobre.jpg 720w, https:\/\/www.portalalerta.com.br\/wp-content\/uploads\/2018\/02\/Auto-Escola-Nobre-260x65.jpg 260w, https:\/\/www.portalalerta.com.br\/wp-content\/uploads\/2018\/02\/Auto-Escola-Nobre-50x13.jpg 50w, https:\/\/www.portalalerta.com.br\/wp-content\/uploads\/2018\/02\/Auto-Escola-Nobre-150x38.jpg 150w\" sizes=\"(max-width: 720px) 100vw, 720px\" \/><\/figure><\/div>\n\n\n\n<p>O diesel \u00e9 o \u00fanico combust\u00edvel que adotaria uma regra de transi\u00e7\u00e3o emergencial. Segundo essa sistem\u00e1tica, enquanto n\u00e3o for adotada a cobran\u00e7a \u00fanica \u2013 e correspondente unifica\u00e7\u00e3o de al\u00edquota \u2013 do diesel, o valor de refer\u00eancia para estipula\u00e7\u00e3o do tributo ser\u00e1 a m\u00e9dia m\u00f3vel dos pre\u00e7os m\u00e9dios praticados ao consumidor final nos 60 meses anteriores a sua fixa\u00e7\u00e3o.<\/p>\n\n\n\n<p>Na defini\u00e7\u00e3o das novas al\u00edquotas, dever\u00e1 ser previsto um intervalo m\u00ednimo de 12 meses entre a primeira fixa\u00e7\u00e3o e o primeiro reajuste dessas al\u00edquotas e de seis meses para os reajustes subsequentes, devendo-se observar o prazo de 90 dias no caso de um novo aumento.<\/p>\n\n\n\n<p>A medida tamb\u00e9m reduz a zero as al\u00edquotas da Contribui\u00e7\u00e3o para o PIS\/Pasep e da Cofins e da Contribui\u00e7\u00e3o para o PIS\/Pasep-Importa\u00e7\u00e3o e da Cofins-Importa\u00e7\u00e3o, garantindo a manuten\u00e7\u00e3o dos cr\u00e9ditos vinculados \u00e0s pessoas jur\u00eddicas da cadeia produtiva.<\/p>\n\n\n\n<p>Desse modo, a proposi\u00e7\u00e3o n\u00e3o apenas preserva a autonomia dos estados e do Distrito Federal, mas tamb\u00e9m simplifica a incid\u00eancia do ICMS sobre os combust\u00edveis e lubrificantes, confere maior uniformidade e dilui o peso da carga tribut\u00e1ria incidente sobre estes produtos para enfrentar o s\u00fabito aumento do petr\u00f3leo decorrente da guerra na Ucr\u00e2nia.&nbsp;<\/p>\n\n\n\n<p><em>Fonte: Ag\u00eancia Brasil<\/em><\/p>\n","protected":false},"excerpt":{"rendered":"<p>Medida foi publicada em edi\u00e7\u00e3o extra do Di\u00e1rio Oficial da Uni\u00e3o<\/p>\n","protected":false},"author":2,"featured_media":3404,"comment_status":"open","ping_status":"open","sticky":false,"template":"","format":"standard","meta":{"om_disable_all_campaigns":false,"_monsterinsights_skip_tracking":false,"_monsterinsights_sitenote_active":false,"_monsterinsights_sitenote_note":"","_monsterinsights_sitenote_category":0,"footnotes":""},"categories":[34,70,69,21],"tags":[93,273,596,1395,3541,1152],"class_list":["post-41512","post","type-post","status-publish","format-standard","has-post-thumbnail","hentry","category-brasil","category-destaques","category-noticias2","category-politica","tag-brasil","tag-combustivel","tag-icms","tag-jair-bolsonaro","tag-lei-sancionada","tag-presidente-da-republica"],"aioseo_notices":[],"_links":{"self":[{"href":"https:\/\/www.portalalerta.com.br\/index.php\/wp-json\/wp\/v2\/posts\/41512","targetHints":{"allow":["GET"]}}],"collection":[{"href":"https:\/\/www.portalalerta.com.br\/index.php\/wp-json\/wp\/v2\/posts"}],"about":[{"href":"https:\/\/www.portalalerta.com.br\/index.php\/wp-json\/wp\/v2\/types\/post"}],"author":[{"embeddable":true,"href":"https:\/\/www.portalalerta.com.br\/index.php\/wp-json\/wp\/v2\/users\/2"}],"replies":[{"embeddable":true,"href":"https:\/\/www.portalalerta.com.br\/index.php\/wp-json\/wp\/v2\/comments?post=41512"}],"version-history":[{"count":1,"href":"https:\/\/www.portalalerta.com.br\/index.php\/wp-json\/wp\/v2\/posts\/41512\/revisions"}],"predecessor-version":[{"id":41513,"href":"https:\/\/www.portalalerta.com.br\/index.php\/wp-json\/wp\/v2\/posts\/41512\/revisions\/41513"}],"wp:featuredmedia":[{"embeddable":true,"href":"https:\/\/www.portalalerta.com.br\/index.php\/wp-json\/wp\/v2\/media\/3404"}],"wp:attachment":[{"href":"https:\/\/www.portalalerta.com.br\/index.php\/wp-json\/wp\/v2\/media?parent=41512"}],"wp:term":[{"taxonomy":"category","embeddable":true,"href":"https:\/\/www.portalalerta.com.br\/index.php\/wp-json\/wp\/v2\/categories?post=41512"},{"taxonomy":"post_tag","embeddable":true,"href":"https:\/\/www.portalalerta.com.br\/index.php\/wp-json\/wp\/v2\/tags?post=41512"}],"curies":[{"name":"wp","href":"https:\/\/api.w.org\/{rel}","templated":true}]}}