{"id":41514,"date":"2022-03-13T18:57:06","date_gmt":"2022-03-13T21:57:06","guid":{"rendered":"https:\/\/www.portalalerta.com.br\/?p=41514"},"modified":"2022-03-13T18:57:07","modified_gmt":"2022-03-13T21:57:07","slug":"homem-e-morto-a-tiros-em-bar-em-araci-ba","status":"publish","type":"post","link":"https:\/\/www.portalalerta.com.br\/index.php\/2022\/03\/13\/homem-e-morto-a-tiros-em-bar-em-araci-ba\/","title":{"rendered":"Homem \u00e9 morto a tiros em bar em Araci-BA"},"content":{"rendered":"\n<p>Um homem identificado como Isac Santos da Silva, de 28 anos, foi morto a tiros em um bar localizado no bairro Tiracolo, em Araci, regi\u00e3o sisaleira da Bahia, na noite de sexta-feira (11).<\/p>\n\n\n\n<!--more-->\n\n\n\n<div class=\"wp-block-image\"><figure class=\"alignleft size-large is-resized\"><img fetchpriority=\"high\" decoding=\"async\" src=\"https:\/\/www.portalalerta.com.br\/wp-content\/uploads\/2022\/03\/Real-Calcados-Estilo-e-Moda-para-Voce-1024x459.jpeg\" alt=\"\" class=\"wp-image-41407\" width=\"389\" height=\"174\"\/><\/figure><\/div>\n\n\n\n<p>De acordo com a Pol\u00edcia Militar, o dono do estabelecimento contou que ouviu o barulho dos tiros, mas n\u00e3o viu quem efetuou os disparos e nem sabe como o crime aconteceu. A PM permaneceu no local at\u00e9 a chegada de uma equipe do Departamento de Pol\u00edcia T\u00e9cnica (DPT), que realizou procedimentos de per\u00edcia e removeu o corpo para necropsia.<\/p>\n\n\n\n<p>A Pol\u00edcia Civil deve investigar o caso.<\/p>\n\n\n\n<p><em>Fonte: Not\u00edcias de Santaluz<\/em><em><\/em><\/p>\n","protected":false},"excerpt":{"rendered":"<p>Um homem identificado como Isac Santos da Silva, de 28 anos, foi morto a tiros em um bar localizado no bairro Tiracolo, em Araci, regi\u00e3o sisaleira da Bahia, na noite de sexta-feira (11).<\/p>\n","protected":false},"author":2,"featured_media":3160,"comment_status":"open","ping_status":"open","sticky":false,"template":"","format":"standard","meta":{"om_disable_all_campaigns":false,"_monsterinsights_skip_tracking":false,"_monsterinsights_sitenote_active":false,"_monsterinsights_sitenote_note":"","_monsterinsights_sitenote_category":0,"footnotes":""},"categories":[41,70,69,32,22],"tags":[48,375,206,169],"class_list":["post-41514","post","type-post","status-publish","format-standard","has-post-thumbnail","hentry","category-araci","category-destaques","category-noticias2","category-regiao","category-seguranca","tag-araci","tag-disparos-de-arma-de-fogo","tag-homicidio","tag-morte"],"aioseo_notices":[],"_links":{"self":[{"href":"https:\/\/www.portalalerta.com.br\/index.php\/wp-json\/wp\/v2\/posts\/41514","targetHints":{"allow":["GET"]}}],"collection":[{"href":"https:\/\/www.portalalerta.com.br\/index.php\/wp-json\/wp\/v2\/posts"}],"about":[{"href":"https:\/\/www.portalalerta.com.br\/index.php\/wp-json\/wp\/v2\/types\/post"}],"author":[{"embeddable":true,"href":"https:\/\/www.portalalerta.com.br\/index.php\/wp-json\/wp\/v2\/users\/2"}],"replies":[{"embeddable":true,"href":"https:\/\/www.portalalerta.com.br\/index.php\/wp-json\/wp\/v2\/comments?post=41514"}],"version-history":[{"count":1,"href":"https:\/\/www.portalalerta.com.br\/index.php\/wp-json\/wp\/v2\/posts\/41514\/revisions"}],"predecessor-version":[{"id":41515,"href":"https:\/\/www.portalalerta.com.br\/index.php\/wp-json\/wp\/v2\/posts\/41514\/revisions\/41515"}],"wp:featuredmedia":[{"embeddable":true,"href":"https:\/\/www.portalalerta.com.br\/index.php\/wp-json\/wp\/v2\/media\/3160"}],"wp:attachment":[{"href":"https:\/\/www.portalalerta.com.br\/index.php\/wp-json\/wp\/v2\/media?parent=41514"}],"wp:term":[{"taxonomy":"category","embeddable":true,"href":"https:\/\/www.portalalerta.com.br\/index.php\/wp-json\/wp\/v2\/categories?post=41514"},{"taxonomy":"post_tag","embeddable":true,"href":"https:\/\/www.portalalerta.com.br\/index.php\/wp-json\/wp\/v2\/tags?post=41514"}],"curies":[{"name":"wp","href":"https:\/\/api.w.org\/{rel}","templated":true}]}}