{"id":41519,"date":"2022-03-13T20:01:59","date_gmt":"2022-03-13T23:01:59","guid":{"rendered":"https:\/\/www.portalalerta.com.br\/?p=41519"},"modified":"2022-03-13T20:02:00","modified_gmt":"2022-03-13T23:02:00","slug":"acelera-capital-prefeitura-lanca-obras-em-toda-ribeira-do-pombal-ba","status":"publish","type":"post","link":"https:\/\/www.portalalerta.com.br\/index.php\/2022\/03\/13\/acelera-capital-prefeitura-lanca-obras-em-toda-ribeira-do-pombal-ba\/","title":{"rendered":"Acelera Capital, Prefeitura lan\u00e7a obras em toda Ribeira do Pombal-BA"},"content":{"rendered":"\n<p>Na manh\u00e3 do \u00faltimo s\u00e1bado, 12 de mar\u00e7o, a Prefeitura de Ribeira do Pombal-BA lan\u00e7ou o Acelera Capital, um conjunto de investimento em infraestrutura que chegar\u00e1 a todas as regi\u00f5es do interior e da sede do munic\u00edpio com obras como pra\u00e7as, quadras poliesportivas, reformas e amplia\u00e7\u00f5es de equipamentos p\u00fablicos, PSFs e pavimenta\u00e7\u00f5es. Com o programa o governo pretende acelerar o ritmo de desenvolvimento que Ribeira do Pombal tem alcan\u00e7ado nos \u00faltimos anos.<\/p>\n\n\n\n<p>Para o evento de lan\u00e7amento do Acelera Capital o prefeito Eriksson recebeu lideran\u00e7as pol\u00edticas, vereadores e a popula\u00e7\u00e3o em geral, al\u00e9m dos ex-prefeitos Nilson Brito e Ricardo Maia que prestigiaram o momento especial da administra\u00e7\u00e3o e conhecer os investimentos que v\u00e3o para sua localidade em Ribeira do Pombal. Ao todo trinta e cinco obras em vinte e seis comunidades j\u00e1 come\u00e7am a ser executadas na segunda-feira. Na oportunidade o Prefeito Eriksson falou \u00e0 imprensa, disse que esse \u00e9 o resultado do trabalho do grupo pol\u00edtico e garantiu que o Acelera Capital ter\u00e1 uma segunda etapa com mais obras chegando \u00e0 novas localidades pelo interior do munic\u00edpio.<\/p>\n\n\n\n<p>&nbsp;<strong>Confira a lista de obras lan\u00e7adas, atrav\u00e9s do Acelera Capital:<\/strong><\/p>\n\n\n\n<p><strong>SEDE<\/strong><br>. Corpo de Bombeiros<br>. SAMU<br>. Pavimenta\u00e7\u00e3o em diversas ruas<\/p>\n\n\n\n<p><strong>BAIRRO PESCADOR<\/strong><br>. Cobertura da Quadra<\/p>\n\n\n\n<p><strong>BAIRRO VILA BRASIL<\/strong><br>. Pra\u00e7a<\/p>\n\n\n\n<p><strong>BAIRRO POMBALZINHO<\/strong><br>. Moderniza\u00e7\u00e3o Posto Sa\u00fade<\/p>\n\n\n\n<p><strong>BAIRRO ALTO SANTO ANT\u00d4NIO<\/strong><br>. Pra\u00e7a<\/p>\n\n\n\n<p><strong>POVOADO HUMILDADE<\/strong><br>. Pavimenta\u00e7\u00e3o<\/p>\n\n\n\n<p><strong>POVOADO CURRALINHO<\/strong><br>. Pra\u00e7a<\/p>\n\n\n\n<p><strong>POVOADO NOVA ESPERAN\u00c7A<\/strong><br>. Pavimenta\u00e7\u00e3o<br>. Moderniza\u00e7\u00e3o Posto Sa\u00fade<\/p>\n\n\n\n<p><strong>POVOADO VILA RODRIGUES<\/strong><br>. Pavimenta\u00e7\u00e3o<br>. Moderniza\u00e7\u00e3o Posto Sa\u00fade<\/p>\n\n\n\n<p><strong>POVOADO PEDRA<\/strong><br>. Cascalhamento de Estrada<br>. Cobertura Quadra<br>. Pavimenta\u00e7\u00e3o<\/p>\n\n\n\n<p><strong>POVOADO CURRAL FALSO<\/strong><br>. Pavimenta\u00e7\u00e3o<br>. Constru\u00e7\u00e3o Quadra Coberta<\/p>\n\n\n\n<p><strong>POVOADO NOVO SEGREDO<\/strong><br>. Pavimenta\u00e7\u00e3o<\/p>\n\n\n\n<p><strong>POVOADO TAPERA<\/strong><br>. Cobertura Quadra<br>. Pavimenta\u00e7\u00e3o<\/p>\n\n\n\n<p><strong>POVOADO MANTEIGA<\/strong><br>. Pra\u00e7a<\/p>\n\n\n\n<p><strong>FAZENDA DIAMANTE<\/strong><br>. Pra\u00e7a<\/p>\n\n\n\n<p><strong>POVOADO PO\u00c7O<\/strong><br>. Constru\u00e7\u00e3o Quadra Coberta<\/p>\n\n\n\n<p><strong>POVOADO VER\u00cdSSIMO<\/strong><br>. Pra\u00e7a<br>. Pavimenta\u00e7\u00e3o<\/p>\n\n\n\n<p><strong>POVOADO BOCA DA MATA<\/strong><br>. Pavimenta\u00e7\u00e3o<\/p>\n\n\n\n<p><strong>POVOADO FEIRA DA SERRA<\/strong><br>. Pavimenta\u00e7\u00e3o<br>. Moderniza\u00e7\u00e3o Posto Sa\u00fade<\/p>\n\n\n\n<p><strong>POVOADO BAIXA DAS ANTAS<\/strong><br>. Constru\u00e7\u00e3o Quadra Coberta<\/p>\n\n\n\n<p><strong>FAZENDA ANTINHAS<\/strong><br>. Posto de Sa\u00fade<\/p>\n\n\n\n<p><strong>POVOADO PO\u00c7O DAS VARAS<\/strong><br>. Pra\u00e7a<\/p>\n\n\n\n<p><strong>POVOADO MOC\u00d3<\/strong><br>. Pavimenta\u00e7\u00e3o<\/p>\n\n\n\n<p><strong>POVOADO PIQU\u00c9S<\/strong><br>. Pavimenta\u00e7\u00e3o<\/p>\n\n\n\n<p>O Prefeito Eriksson Silva falou ao PORTAL ALERTA, detalhando o Programa, entre outros assuntos. Confira: <\/p>\n\n\n\n<figure class=\"wp-block-audio\"><audio controls src=\"https:\/\/www.portalalerta.com.br\/wp-content\/uploads\/2022\/03\/Eriksson-1.mp3\"><\/audio><\/figure>\n\n\n\n<p><em>Fonte: SECOM\/ Ribeira do Pombal<\/em><\/p>\n","protected":false},"excerpt":{"rendered":"<p>Na manh\u00e3 do \u00faltimo s\u00e1bado, 12 de mar\u00e7o, a Prefeitura de Ribeira do Pombal-BA lan\u00e7ou o Acelera Capital, um conjunto de investimento em infraestrutura que chegar\u00e1 a todas as regi\u00f5es do interior e da sede do munic\u00edpio com obras como pra\u00e7as, quadras poliesportivas, reformas e amplia\u00e7\u00f5es de equipamentos p\u00fablicos, PSFs e pavimenta\u00e7\u00f5es. Com o programa &hellip;<\/p>\n","protected":false},"author":2,"featured_media":41521,"comment_status":"open","ping_status":"open","sticky":false,"template":"","format":"standard","meta":{"om_disable_all_campaigns":false,"_monsterinsights_skip_tracking":false,"_monsterinsights_sitenote_active":false,"_monsterinsights_sitenote_note":"","_monsterinsights_sitenote_category":0,"footnotes":""},"categories":[70,69,21,32,3],"tags":[5282,3400,2597,198,145,47],"class_list":["post-41519","post","type-post","status-publish","format-standard","has-post-thumbnail","hentry","category-destaques","category-noticias2","category-politica","category-regiao","category-ribeira-do-pombal","tag-acelera-capital","tag-eriksson-silva","tag-obras","tag-prefeito","tag-prefeitura","tag-ribeira-do-pombal"],"aioseo_notices":[],"_links":{"self":[{"href":"https:\/\/www.portalalerta.com.br\/index.php\/wp-json\/wp\/v2\/posts\/41519","targetHints":{"allow":["GET"]}}],"collection":[{"href":"https:\/\/www.portalalerta.com.br\/index.php\/wp-json\/wp\/v2\/posts"}],"about":[{"href":"https:\/\/www.portalalerta.com.br\/index.php\/wp-json\/wp\/v2\/types\/post"}],"author":[{"embeddable":true,"href":"https:\/\/www.portalalerta.com.br\/index.php\/wp-json\/wp\/v2\/users\/2"}],"replies":[{"embeddable":true,"href":"https:\/\/www.portalalerta.com.br\/index.php\/wp-json\/wp\/v2\/comments?post=41519"}],"version-history":[{"count":1,"href":"https:\/\/www.portalalerta.com.br\/index.php\/wp-json\/wp\/v2\/posts\/41519\/revisions"}],"predecessor-version":[{"id":41522,"href":"https:\/\/www.portalalerta.com.br\/index.php\/wp-json\/wp\/v2\/posts\/41519\/revisions\/41522"}],"wp:featuredmedia":[{"embeddable":true,"href":"https:\/\/www.portalalerta.com.br\/index.php\/wp-json\/wp\/v2\/media\/41521"}],"wp:attachment":[{"href":"https:\/\/www.portalalerta.com.br\/index.php\/wp-json\/wp\/v2\/media?parent=41519"}],"wp:term":[{"taxonomy":"category","embeddable":true,"href":"https:\/\/www.portalalerta.com.br\/index.php\/wp-json\/wp\/v2\/categories?post=41519"},{"taxonomy":"post_tag","embeddable":true,"href":"https:\/\/www.portalalerta.com.br\/index.php\/wp-json\/wp\/v2\/tags?post=41519"}],"curies":[{"name":"wp","href":"https:\/\/api.w.org\/{rel}","templated":true}]}}