{"id":41607,"date":"2022-03-18T10:54:00","date_gmt":"2022-03-18T13:54:00","guid":{"rendered":"https:\/\/www.portalalerta.com.br\/?p=41607"},"modified":"2022-03-18T10:54:01","modified_gmt":"2022-03-18T13:54:01","slug":"promotor-pede-a-condenacao-de-ricardo-maia-e-eriksson-silva-entenda","status":"publish","type":"post","link":"https:\/\/www.portalalerta.com.br\/index.php\/2022\/03\/18\/promotor-pede-a-condenacao-de-ricardo-maia-e-eriksson-silva-entenda\/","title":{"rendered":"Promotor pede a condena\u00e7\u00e3o de Ricardo Maia e Eriksson Silva. Entenda!"},"content":{"rendered":"\n<p>No dia 10 de fevereiro 2022, o Promotor Alan Cedraz, da Comarca de Ribeira do Pombal-BA, pediu a condena\u00e7\u00e3o de seis r\u00e9us, entre eles cinco pessoas e um escrit\u00f3rio de Advocacia.<\/p>\n\n\n\n<!--more-->\n\n\n\n<p>A A\u00e7\u00e3o Popular foi movida por vereadores da oposi\u00e7\u00e3o, que acusam o munic\u00edpio, na \u00e9poca gerido por Ricardo Maia, de ter firmado um contrato com o Escrit\u00f3rio de Advocacia SIMAS E MENEZES ADVOGADOS ASSOCIADOS, com um valor de aproximadamente R$ 500 mil, contrata\u00e7\u00e3o essa realizada em outubro de 2015, sem que tal escrit\u00f3rio tenha prestado os servi\u00e7os.<\/p>\n\n\n\n<div class=\"wp-block-image\"><figure class=\"alignleft size-large is-resized\"><img fetchpriority=\"high\" decoding=\"async\" src=\"https:\/\/www.portalalerta.com.br\/wp-content\/uploads\/2022\/03\/Real-Calcados-Estilo-e-Moda-para-Voce-1024x459.jpeg\" alt=\"\" class=\"wp-image-41407\" width=\"413\" height=\"185\"\/><\/figure><\/div>\n\n\n\n<p>Em an\u00e1lise, Dr. Alan decidiu pela proced\u00eancia da a\u00e7\u00e3o, determinando a devolu\u00e7\u00e3o do valor pago ao Escrit\u00f3rio, aos cofres p\u00fablicos, de forma corrigida, o que atualmente ultrapassaria o montante de R$ 700 mil. <strong><em>\u201c<\/em><\/strong><strong><em>Assim, \u00e9 poss\u00edvel concluir que a referida contrata\u00e7\u00e3o \u00e9 nula, nos termos do Art. 2\u00ba, \u201cb\u201d e \u201cd\u201d, da Lei n\u00ba 4.717\/1965, por ofensa aos princ\u00edpios da legalidade, economicidade, razoabilidade e da moralidade, uma vez que inexistente qualquer singularidade a justificar a dispensa de licita\u00e7\u00e3o, bem como o valor da contrata\u00e7\u00e3o n\u00e3o foi justificado a contento da lei. Diante do exposto, o Minist\u00e9rio P\u00fablico pugna pela proced\u00eancia da presente a\u00e7\u00e3o popular para decretar a nulidade do ato e condenar dos demandados ao pagamento de perdas e danos no valor do contrato firmado\u201d.<\/em><\/strong>,<\/p>\n\n\n\n<p>Al\u00e9m de Ricardo e do escrit\u00f3rio de advocacia, s\u00e3o r\u00e9us no processo: Eriksson Silva (atual prefeito da cidade), Armando da Fonseca, Karla Machado, e Jos\u00e9 Ceones. Vale ressaltar que os r\u00e9us ter\u00e3o um prazo para a apresenta\u00e7\u00e3o da defesa, e finalmente a a\u00e7\u00e3o dever\u00e1 seguir para a aprecia\u00e7\u00e3o e decis\u00e3o do juiz.<\/p>\n\n\n\n<p><em>Reda\u00e7\u00e3o: Portal Alerta<\/em><\/p>\n","protected":false},"excerpt":{"rendered":"<p>No dia 10 de fevereiro 2022, o Promotor Alan Cedraz, da Comarca de Ribeira do Pombal-BA, pediu a condena\u00e7\u00e3o de seis r\u00e9us, entre eles cinco pessoas e um escrit\u00f3rio de Advocacia.<\/p>\n","protected":false},"author":2,"featured_media":18458,"comment_status":"open","ping_status":"open","sticky":false,"template":"","format":"standard","meta":{"om_disable_all_campaigns":false,"_monsterinsights_skip_tracking":false,"_monsterinsights_sitenote_active":false,"_monsterinsights_sitenote_note":"","_monsterinsights_sitenote_category":0,"footnotes":""},"categories":[70,69,21,3],"tags":[3400,270,352,646,47,146],"class_list":["post-41607","post","type-post","status-publish","format-standard","has-post-thumbnail","hentry","category-destaques","category-noticias2","category-politica","category-ribeira-do-pombal","tag-eriksson-silva","tag-justica","tag-ministerio-publico","tag-oposicao","tag-ribeira-do-pombal","tag-ricardo-maia"],"aioseo_notices":[],"_links":{"self":[{"href":"https:\/\/www.portalalerta.com.br\/index.php\/wp-json\/wp\/v2\/posts\/41607","targetHints":{"allow":["GET"]}}],"collection":[{"href":"https:\/\/www.portalalerta.com.br\/index.php\/wp-json\/wp\/v2\/posts"}],"about":[{"href":"https:\/\/www.portalalerta.com.br\/index.php\/wp-json\/wp\/v2\/types\/post"}],"author":[{"embeddable":true,"href":"https:\/\/www.portalalerta.com.br\/index.php\/wp-json\/wp\/v2\/users\/2"}],"replies":[{"embeddable":true,"href":"https:\/\/www.portalalerta.com.br\/index.php\/wp-json\/wp\/v2\/comments?post=41607"}],"version-history":[{"count":1,"href":"https:\/\/www.portalalerta.com.br\/index.php\/wp-json\/wp\/v2\/posts\/41607\/revisions"}],"predecessor-version":[{"id":41608,"href":"https:\/\/www.portalalerta.com.br\/index.php\/wp-json\/wp\/v2\/posts\/41607\/revisions\/41608"}],"wp:featuredmedia":[{"embeddable":true,"href":"https:\/\/www.portalalerta.com.br\/index.php\/wp-json\/wp\/v2\/media\/18458"}],"wp:attachment":[{"href":"https:\/\/www.portalalerta.com.br\/index.php\/wp-json\/wp\/v2\/media?parent=41607"}],"wp:term":[{"taxonomy":"category","embeddable":true,"href":"https:\/\/www.portalalerta.com.br\/index.php\/wp-json\/wp\/v2\/categories?post=41607"},{"taxonomy":"post_tag","embeddable":true,"href":"https:\/\/www.portalalerta.com.br\/index.php\/wp-json\/wp\/v2\/tags?post=41607"}],"curies":[{"name":"wp","href":"https:\/\/api.w.org\/{rel}","templated":true}]}}