{"id":41609,"date":"2022-03-18T10:58:19","date_gmt":"2022-03-18T13:58:19","guid":{"rendered":"https:\/\/www.portalalerta.com.br\/?p=41609"},"modified":"2022-03-18T10:58:20","modified_gmt":"2022-03-18T13:58:20","slug":"bolsonaro-pede-que-a-justica-cobre-da-petrobras-alta-dos-combustiveis","status":"publish","type":"post","link":"https:\/\/www.portalalerta.com.br\/index.php\/2022\/03\/18\/bolsonaro-pede-que-a-justica-cobre-da-petrobras-alta-dos-combustiveis\/","title":{"rendered":"Bolsonaro pede que a Justi\u00e7a cobre da Petrobras alta dos combust\u00edveis"},"content":{"rendered":"\n<p>O presidente Jair Bolsonaro (PL) pediu na noite desta quinta-feira (17) que a Justi\u00e7a cobre da Petrobras o aumento nos pre\u00e7os dos combust\u00edveis, e n\u00e3o dele.<\/p>\n\n\n\n<!--more-->\n\n\n\n<p>Em sua tradicional live das quintas-feiras, Bolsonaro voltou a afirmar que a estatal \u00e9 \u201cpraticamente independente\u201d. Al\u00e9m disso, falou que n\u00e3o tem \u201cascend\u00eancia\u201d sobre a empresa.<\/p>\n\n\n\n<p><strong><em>\u201cEu deixo claro para a Justi\u00e7a brasileira. Por favor, eu n\u00e3o tenho ascend\u00eancia sobre a Petrobras. Se eu quiser trocar hoje o presidente da Petrobras, eu n\u00e3o posso trocar. Se eu quiser trocar hoje o diretor da Petrobras, eu n\u00e3o posso trocar. A Petrobras \u00e9 praticamente independente\u201d<\/em><\/strong>, disse o mandat\u00e1rio.<\/p>\n\n\n\n<p>Segundo o chefe do Executivo, se <strong><em>\u201ctivesse poderes\u201d<\/em><\/strong> poderia <strong><em>\u201csugerir coisa\u201d<\/em><\/strong> para a companhia.<\/p>\n\n\n\n<p><strong><em>\u201cAcertar\u00edamos muita coisa l\u00e1, visando sempre a produtividade em consequ\u00eancia da diminui\u00e7\u00e3o do pre\u00e7o dos combust\u00edveis\u201d<\/em><\/strong>, completou.<\/p>\n\n\n\n<p>Na semana passada, a Petrobras anunciou um\u00a0novo reajuste nos pre\u00e7os dos combust\u00edveis nas refinarias: o aumento foi de 18,77% para a gasolina e 24,9% para o diesel. O GLP, conhecido como g\u00e1s de cozinha, sofreu reajuste de 16%.<\/p>\n\n\n\n<p>Em nota, a empresa afirmou que os valores <strong><em>&#8220;refletem parte da eleva\u00e7\u00e3o dos patamares internacionais de pre\u00e7os de petr\u00f3leo, impactados pela oferta limitada frente a demanda mundial por energia&#8221;<\/em><\/strong>.<\/p>\n\n\n\n<p>No dia seguinte, a ju\u00edza federal Fl\u00e1via de Mac\u00eado Nolasco, da 9\u00aa Vara Federal do Distrito Federal, deu um prazo de 72 horas para que o governo federal e a Petrobras\u00a0explicassem o aumento anunciado. O chefe do Executivo falou que\u00a0n\u00e3o define o pre\u00e7o da Petrobras.<\/p>\n\n\n\n<p><em>Fonte: Yahoo Not\u00edcias<\/em><\/p>\n","protected":false},"excerpt":{"rendered":"<p>O presidente Jair Bolsonaro (PL) pediu na noite desta quinta-feira (17) que a Justi\u00e7a cobre da Petrobras o aumento nos pre\u00e7os dos combust\u00edveis, e n\u00e3o dele.<\/p>\n","protected":false},"author":2,"featured_media":40241,"comment_status":"open","ping_status":"open","sticky":false,"template":"","format":"standard","meta":{"om_disable_all_campaigns":false,"_monsterinsights_skip_tracking":false,"_monsterinsights_sitenote_active":false,"_monsterinsights_sitenote_note":"","_monsterinsights_sitenote_category":0,"footnotes":""},"categories":[34,70,69,21],"tags":[93,273,1395,270,329,4451,1152],"class_list":["post-41609","post","type-post","status-publish","format-standard","has-post-thumbnail","hentry","category-brasil","category-destaques","category-noticias2","category-politica","tag-brasil","tag-combustivel","tag-jair-bolsonaro","tag-justica","tag-petrobras","tag-precos","tag-presidente-da-republica"],"aioseo_notices":[],"_links":{"self":[{"href":"https:\/\/www.portalalerta.com.br\/index.php\/wp-json\/wp\/v2\/posts\/41609","targetHints":{"allow":["GET"]}}],"collection":[{"href":"https:\/\/www.portalalerta.com.br\/index.php\/wp-json\/wp\/v2\/posts"}],"about":[{"href":"https:\/\/www.portalalerta.com.br\/index.php\/wp-json\/wp\/v2\/types\/post"}],"author":[{"embeddable":true,"href":"https:\/\/www.portalalerta.com.br\/index.php\/wp-json\/wp\/v2\/users\/2"}],"replies":[{"embeddable":true,"href":"https:\/\/www.portalalerta.com.br\/index.php\/wp-json\/wp\/v2\/comments?post=41609"}],"version-history":[{"count":1,"href":"https:\/\/www.portalalerta.com.br\/index.php\/wp-json\/wp\/v2\/posts\/41609\/revisions"}],"predecessor-version":[{"id":41610,"href":"https:\/\/www.portalalerta.com.br\/index.php\/wp-json\/wp\/v2\/posts\/41609\/revisions\/41610"}],"wp:featuredmedia":[{"embeddable":true,"href":"https:\/\/www.portalalerta.com.br\/index.php\/wp-json\/wp\/v2\/media\/40241"}],"wp:attachment":[{"href":"https:\/\/www.portalalerta.com.br\/index.php\/wp-json\/wp\/v2\/media?parent=41609"}],"wp:term":[{"taxonomy":"category","embeddable":true,"href":"https:\/\/www.portalalerta.com.br\/index.php\/wp-json\/wp\/v2\/categories?post=41609"},{"taxonomy":"post_tag","embeddable":true,"href":"https:\/\/www.portalalerta.com.br\/index.php\/wp-json\/wp\/v2\/tags?post=41609"}],"curies":[{"name":"wp","href":"https:\/\/api.w.org\/{rel}","templated":true}]}}