{"id":41617,"date":"2022-03-20T18:38:44","date_gmt":"2022-03-20T21:38:44","guid":{"rendered":"https:\/\/www.portalalerta.com.br\/?p=41617"},"modified":"2022-03-20T18:38:46","modified_gmt":"2022-03-20T21:38:46","slug":"vereadores-aprovam-reajuste-salarial-de-professores-de-banzae-ba","status":"publish","type":"post","link":"https:\/\/www.portalalerta.com.br\/index.php\/2022\/03\/20\/vereadores-aprovam-reajuste-salarial-de-professores-de-banzae-ba\/","title":{"rendered":"Vereadores aprovam reajuste salarial de professores de Banza\u00ea-BA"},"content":{"rendered":"\n<p>No munic\u00edpio de Banza\u00ea-BA, ap\u00f3s ser colocado em pauta, e seguindo os tramites legais, projeto de lei que reajusta o piso salarial do magist\u00e9rio em 33,24% foi votado em sess\u00e3o extraordin\u00e1ria de sexta-feira (18).<\/p>\n\n\n\n<!--more-->\n\n\n\n<p>Os nove vereadores: Fernandes do Campo do Brito (Presidente), Roger Enfermeiro, Keilla Nunes, Gilson do Camamum, Vera Leal, Didi da Mirandela, Jo\u00e3ozinho do Salgado, Z\u00e9 Peixinho, e Sess\u00e9 do Campo do Brito, votaram a favor, e segundo os mesmos seguem em defesa dos servidores p\u00fablicos do referido munic\u00edpio.<\/p>\n\n\n\n<p><em>Fonte: Joilson Costa<\/em><\/p>\n\n\n\n<p><em>Com informa\u00e7\u00f5es: SISMUB<\/em><\/p>\n","protected":false},"excerpt":{"rendered":"<p>No munic\u00edpio de Banza\u00ea-BA, ap\u00f3s ser colocado em pauta, e seguindo os tramites legais, projeto de lei que reajusta o piso salarial do magist\u00e9rio em 33,24% foi votado em sess\u00e3o extraordin\u00e1ria de sexta-feira (18).<\/p>\n","protected":false},"author":2,"featured_media":41618,"comment_status":"open","ping_status":"open","sticky":false,"template":"","format":"standard","meta":{"om_disable_all_campaigns":false,"_monsterinsights_skip_tracking":false,"_monsterinsights_sitenote_active":false,"_monsterinsights_sitenote_note":"","_monsterinsights_sitenote_category":0,"footnotes":""},"categories":[39,70,20,69,21,32],"tags":[49,211,184,2197,135],"class_list":["post-41617","post","type-post","status-publish","format-standard","has-post-thumbnail","hentry","category-banzae","category-destaques","category-educacao","category-noticias2","category-politica","category-regiao","tag-banzae","tag-camara-de-vereadores","tag-professores","tag-reajuste-salarial","tag-vereadores"],"aioseo_notices":[],"_links":{"self":[{"href":"https:\/\/www.portalalerta.com.br\/index.php\/wp-json\/wp\/v2\/posts\/41617","targetHints":{"allow":["GET"]}}],"collection":[{"href":"https:\/\/www.portalalerta.com.br\/index.php\/wp-json\/wp\/v2\/posts"}],"about":[{"href":"https:\/\/www.portalalerta.com.br\/index.php\/wp-json\/wp\/v2\/types\/post"}],"author":[{"embeddable":true,"href":"https:\/\/www.portalalerta.com.br\/index.php\/wp-json\/wp\/v2\/users\/2"}],"replies":[{"embeddable":true,"href":"https:\/\/www.portalalerta.com.br\/index.php\/wp-json\/wp\/v2\/comments?post=41617"}],"version-history":[{"count":1,"href":"https:\/\/www.portalalerta.com.br\/index.php\/wp-json\/wp\/v2\/posts\/41617\/revisions"}],"predecessor-version":[{"id":41619,"href":"https:\/\/www.portalalerta.com.br\/index.php\/wp-json\/wp\/v2\/posts\/41617\/revisions\/41619"}],"wp:featuredmedia":[{"embeddable":true,"href":"https:\/\/www.portalalerta.com.br\/index.php\/wp-json\/wp\/v2\/media\/41618"}],"wp:attachment":[{"href":"https:\/\/www.portalalerta.com.br\/index.php\/wp-json\/wp\/v2\/media?parent=41617"}],"wp:term":[{"taxonomy":"category","embeddable":true,"href":"https:\/\/www.portalalerta.com.br\/index.php\/wp-json\/wp\/v2\/categories?post=41617"},{"taxonomy":"post_tag","embeddable":true,"href":"https:\/\/www.portalalerta.com.br\/index.php\/wp-json\/wp\/v2\/tags?post=41617"}],"curies":[{"name":"wp","href":"https:\/\/api.w.org\/{rel}","templated":true}]}}