{"id":41620,"date":"2022-03-20T18:50:40","date_gmt":"2022-03-20T21:50:40","guid":{"rendered":"https:\/\/www.portalalerta.com.br\/?p=41620"},"modified":"2022-03-20T18:50:41","modified_gmt":"2022-03-20T21:50:41","slug":"governo-do-estado-suspende-limite-de-publico-para-eventos-na-bahia-entenda","status":"publish","type":"post","link":"https:\/\/www.portalalerta.com.br\/index.php\/2022\/03\/20\/governo-do-estado-suspende-limite-de-publico-para-eventos-na-bahia-entenda\/","title":{"rendered":"Governo do estado suspende limite de p\u00fablico para eventos na Bahia; entenda"},"content":{"rendered":"\n<p><em>Medida foi publicada no Di\u00e1rio Oficial deste s\u00e1bado (19); uso de m\u00e1scara e comprovante de vacina\u00e7\u00e3o seguem obrigat\u00f3rios<\/em><\/p>\n\n\n\n<!--more-->\n\n\n\n<p>O governo do estado suspendeu o limite de p\u00fablico para eventos em todo a Bahia. As restri\u00e7\u00f5es de p\u00fablico, que vinham sendo adotadas desde o in\u00edcio da pandemia da covid-19, em 2020, foram derrubadas&nbsp;em um decreto publicado na edi\u00e7\u00e3o deste s\u00e1bado (19) do Di\u00e1rio Oficial do Estado.<\/p>\n\n\n\n<div class=\"wp-block-image\"><figure class=\"alignleft size-full is-resized\"><img fetchpriority=\"high\" decoding=\"async\" src=\"https:\/\/www.portalalerta.com.br\/wp-content\/uploads\/2021\/04\/ELAB.jpg\" alt=\"\" class=\"wp-image-34795\" width=\"381\" height=\"304\" srcset=\"https:\/\/www.portalalerta.com.br\/wp-content\/uploads\/2021\/04\/ELAB.jpg 1000w, https:\/\/www.portalalerta.com.br\/wp-content\/uploads\/2021\/04\/ELAB-300x240.jpg 300w, https:\/\/www.portalalerta.com.br\/wp-content\/uploads\/2021\/04\/ELAB-768x614.jpg 768w, https:\/\/www.portalalerta.com.br\/wp-content\/uploads\/2021\/04\/ELAB-183x146.jpg 183w, https:\/\/www.portalalerta.com.br\/wp-content\/uploads\/2021\/04\/ELAB-50x40.jpg 50w, https:\/\/www.portalalerta.com.br\/wp-content\/uploads\/2021\/04\/ELAB-94x75.jpg 94w\" sizes=\"(max-width: 381px) 100vw, 381px\" \/><\/figure><\/div>\n\n\n\n<p>A publica\u00e7\u00e3o cita atividades como cerim\u00f4nias de casamento; eventos urbanos e rurais em logradouros p\u00fablicos ou privados; eventos exclusivamente cient\u00edficos e profissionais; circos; parques de exposi\u00e7\u00f5es; solenidades de formatura; feiras; passeatas; parques de divers\u00f5es; espa\u00e7os culturais; teatros; cinemas; museus; espa\u00e7os cong\u00eaneres e afins. Eventos esportivos tamb\u00e9m s\u00e3o citados.<\/p>\n\n\n\n<p>No entanto, o decreto traz especifica\u00e7\u00f5es para cada tipo de cerim\u00f4nia. Nos eventos com venda de ingresso, todos os envolvidos \u2013 de artistas ao p\u00fablico \u2013 devem respeitar protocolos sanit\u00e1rios de distanciamento adequado e uso de m\u00e1scaras. Al\u00e9m disso, o passaporte vacinal deve continuar sendo exigido no estado. Para participar dos eventos, a vacina\u00e7\u00e3o deve ser comprovada com apresenta\u00e7\u00e3o da carteira de vacina ou do certificado emitido pelo aplicativo Conecte SUS.<\/p>\n\n\n\n<p>Ainda de acordo com o texto, s\u00e3o obrigat\u00f3rias as duas doses da vacina ou dose \u00fanica, para o p\u00fablico geral; uma dose da vacina para crian\u00e7as e adolescentes alcan\u00e7ados pela Campanha de Imuniza\u00e7\u00e3o contra a covid, sem deixar de observar o prazo de agendamento para segunda dose e a dose de refor\u00e7o para o p\u00fablico j\u00e1 eleg\u00edvel.<\/p>\n\n\n\n<p>J\u00e1 os eventos esportivos devem ter tamb\u00e9m controle dos fluxos de entrada e sa\u00edda e contingenciamento de p\u00fablico nas regi\u00f5es adjacentes, al\u00e9m da exig\u00eancia do passaporte vacinal. O uso de m\u00e1scaras tamb\u00e9m continua sendo obrigat\u00f3rio.<\/p>\n\n\n\n<p>A medida autoriza tamb\u00e9m a presen\u00e7a de crian\u00e7as que n\u00e3o se enquadram na campanha de vacina\u00e7\u00e3o contra a covid-19 a eventos esportivos e a espa\u00e7os culturais, desde que acompanhados por m\u00e3e, pai ou respons\u00e1vel legal. A pessoa adulta deve estar vacinada e apresentar o comprovante de imuniza\u00e7\u00e3o.<\/p>\n\n\n\n<p>O decreto disp\u00f5e, ainda, da situa\u00e7\u00e3o de bares, restaurantes, lanchonetes e demais estabelecimentos similares. Esses estabelecimentos devem continuar funcionando com acesso condicionado aos mesmos protocolos sanit\u00e1rios: uso de m\u00e1scaras e comprovante de vacina\u00e7\u00e3o.<\/p>\n\n\n\n<p>Segundo o texto, a lota\u00e7\u00e3o m\u00e1xima permitida em cada estabelecimento comercial, de servi\u00e7os e financeiro, como mercados e afins, bancos e lot\u00e9ricas, deve ser definida em ato editado por cada munic\u00edpio, considerando o tamanho do espa\u00e7o f\u00edsico, com o objetivo de evitar aglomera\u00e7\u00f5es. As administra\u00e7\u00f5es municipais devem fiscalizar este ponto.<\/p>\n\n\n\n<p>Este m\u00eas, o estado j\u00e1 tinha autorizado p\u00fablico de at\u00e9 oito mil pessoas em eventos.<\/p>\n\n\n\n<p><em>Fonte: Pombal Not\u00edcias<\/em><\/p>\n\n\n\n<p><em>Com informa\u00e7\u00f5es: Correio<\/em> &nbsp;<\/p>\n","protected":false},"excerpt":{"rendered":"<p>Medida foi publicada no Di\u00e1rio Oficial deste s\u00e1bado (19); uso de m\u00e1scara e comprovante de vacina\u00e7\u00e3o seguem obrigat\u00f3rios<\/p>\n","protected":false},"author":2,"featured_media":81,"comment_status":"open","ping_status":"open","sticky":false,"template":"","format":"standard","meta":{"om_disable_all_campaigns":false,"_monsterinsights_skip_tracking":false,"_monsterinsights_sitenote_active":false,"_monsterinsights_sitenote_note":"","_monsterinsights_sitenote_category":0,"footnotes":""},"categories":[33,70,36,69],"tags":[54,3429,3486,3919,912,1988,5299,61],"class_list":["post-41620","post","type-post","status-publish","format-standard","has-post-thumbnail","hentry","category-bahia","category-destaques","category-lazer","category-noticias2","tag-bahia","tag-coronavirus","tag-covid-19","tag-eventos","tag-governo-da-bahia","tag-governo-do-estado","tag-limite-de-publico","tag-saude"],"aioseo_notices":[],"_links":{"self":[{"href":"https:\/\/www.portalalerta.com.br\/index.php\/wp-json\/wp\/v2\/posts\/41620","targetHints":{"allow":["GET"]}}],"collection":[{"href":"https:\/\/www.portalalerta.com.br\/index.php\/wp-json\/wp\/v2\/posts"}],"about":[{"href":"https:\/\/www.portalalerta.com.br\/index.php\/wp-json\/wp\/v2\/types\/post"}],"author":[{"embeddable":true,"href":"https:\/\/www.portalalerta.com.br\/index.php\/wp-json\/wp\/v2\/users\/2"}],"replies":[{"embeddable":true,"href":"https:\/\/www.portalalerta.com.br\/index.php\/wp-json\/wp\/v2\/comments?post=41620"}],"version-history":[{"count":1,"href":"https:\/\/www.portalalerta.com.br\/index.php\/wp-json\/wp\/v2\/posts\/41620\/revisions"}],"predecessor-version":[{"id":41621,"href":"https:\/\/www.portalalerta.com.br\/index.php\/wp-json\/wp\/v2\/posts\/41620\/revisions\/41621"}],"wp:featuredmedia":[{"embeddable":true,"href":"https:\/\/www.portalalerta.com.br\/index.php\/wp-json\/wp\/v2\/media\/81"}],"wp:attachment":[{"href":"https:\/\/www.portalalerta.com.br\/index.php\/wp-json\/wp\/v2\/media?parent=41620"}],"wp:term":[{"taxonomy":"category","embeddable":true,"href":"https:\/\/www.portalalerta.com.br\/index.php\/wp-json\/wp\/v2\/categories?post=41620"},{"taxonomy":"post_tag","embeddable":true,"href":"https:\/\/www.portalalerta.com.br\/index.php\/wp-json\/wp\/v2\/tags?post=41620"}],"curies":[{"name":"wp","href":"https:\/\/api.w.org\/{rel}","templated":true}]}}