{"id":41622,"date":"2022-03-20T19:09:46","date_gmt":"2022-03-20T22:09:46","guid":{"rendered":"https:\/\/www.portalalerta.com.br\/?p=41622"},"modified":"2022-03-20T19:09:47","modified_gmt":"2022-03-20T22:09:47","slug":"proprietario-de-bar-e-preso-apos-arma-de-fogo-ser-encontrada-no-estabelecimento-em-ribeira-do-pombal-ba","status":"publish","type":"post","link":"https:\/\/www.portalalerta.com.br\/index.php\/2022\/03\/20\/proprietario-de-bar-e-preso-apos-arma-de-fogo-ser-encontrada-no-estabelecimento-em-ribeira-do-pombal-ba\/","title":{"rendered":"Propriet\u00e1rio de bar \u00e9 preso ap\u00f3s arma de fogo ser encontrada no estabelecimento, em Ribeira do Pombal-BA"},"content":{"rendered":"\n<p>Uma a\u00e7\u00e3o da Pol\u00edcia Militar acarretou na pris\u00e3o de um propriet\u00e1rio de um bar situado no Distrito de Vila Rodrigues, em Ribeira do Pombal-BA.<\/p>\n\n\n\n<!--more-->\n\n\n\n<p>A a\u00e7\u00e3o aconteceu no in\u00edcio da tarde da \u00faltima sexta-feira (18), quando os policias do 2\u00ba Pelot\u00e3o foram at\u00e9 o local, averiguarem uma den\u00fancia de perturba\u00e7\u00e3o do sossego alheio, al\u00e9m posse ilegal de arma de fogo. De acordo com a den\u00fancia, constantemente o rapaz faz uso de aparelho sonoro no estabelecimento, em volume alto, sendo que em uma das ocasi\u00f5es, um morador teria ido at\u00e9 o bar, e ao reclamar do volume do som, foi surpreendido por um disparo de arma de fogo efetuado para cima, pelo propriet\u00e1rio do estabelecimento.<\/p>\n\n\n\n<div class=\"wp-block-image\"><figure class=\"aligncenter size-full\"><img fetchpriority=\"high\" decoding=\"async\" width=\"720\" height=\"181\" src=\"https:\/\/www.portalalerta.com.br\/wp-content\/uploads\/2018\/02\/Auto-Escola-Nobre.jpg\" alt=\"\" class=\"wp-image-4869\" srcset=\"https:\/\/www.portalalerta.com.br\/wp-content\/uploads\/2018\/02\/Auto-Escola-Nobre.jpg 720w, https:\/\/www.portalalerta.com.br\/wp-content\/uploads\/2018\/02\/Auto-Escola-Nobre-260x65.jpg 260w, https:\/\/www.portalalerta.com.br\/wp-content\/uploads\/2018\/02\/Auto-Escola-Nobre-50x13.jpg 50w, https:\/\/www.portalalerta.com.br\/wp-content\/uploads\/2018\/02\/Auto-Escola-Nobre-150x38.jpg 150w\" sizes=\"(max-width: 720px) 100vw, 720px\" \/><\/figure><\/div>\n\n\n\n<p>J\u00e1 no local, os policiais n\u00e3o encontraram o som ligado, por\u00e9m ap\u00f3s autoriza\u00e7\u00e3o do acusado, realizaram buscas no estabelecimento, onde encontraram embaixo do balc\u00e3o, uma espingarda de fabrica\u00e7\u00e3o caseira (ante carga), 01 recipiente contendo p\u00f3lvora, e 01 recipiente contendo chumbo.<\/p>\n\n\n\n<p>Tanto o rapaz, quanto o material apreendido, foram conduzidos e apresentados na Delegacia de Pol\u00edcia Civil para a ado\u00e7\u00e3o das medidas cab\u00edveis.<\/p>\n\n\n\n<p><em>Reda\u00e7\u00e3o: Portal Alerta<\/em><\/p>\n","protected":false},"excerpt":{"rendered":"<p>Uma a\u00e7\u00e3o da Pol\u00edcia Militar acarretou na pris\u00e3o de um propriet\u00e1rio de um bar situado no Distrito de Vila Rodrigues, em Ribeira do Pombal-BA.<\/p>\n","protected":false},"author":2,"featured_media":41623,"comment_status":"open","ping_status":"open","sticky":false,"template":"","format":"standard","meta":{"om_disable_all_campaigns":false,"_monsterinsights_skip_tracking":false,"_monsterinsights_sitenote_active":false,"_monsterinsights_sitenote_note":"","_monsterinsights_sitenote_category":0,"footnotes":""},"categories":[70,69,32,3,22],"tags":[79,1769,77,47],"class_list":["post-41622","post","type-post","status-publish","format-standard","has-post-thumbnail","hentry","category-destaques","category-noticias2","category-regiao","category-ribeira-do-pombal","category-seguranca","tag-policia-militar","tag-posse-de-arma-de-fogo","tag-preso","tag-ribeira-do-pombal"],"aioseo_notices":[],"_links":{"self":[{"href":"https:\/\/www.portalalerta.com.br\/index.php\/wp-json\/wp\/v2\/posts\/41622","targetHints":{"allow":["GET"]}}],"collection":[{"href":"https:\/\/www.portalalerta.com.br\/index.php\/wp-json\/wp\/v2\/posts"}],"about":[{"href":"https:\/\/www.portalalerta.com.br\/index.php\/wp-json\/wp\/v2\/types\/post"}],"author":[{"embeddable":true,"href":"https:\/\/www.portalalerta.com.br\/index.php\/wp-json\/wp\/v2\/users\/2"}],"replies":[{"embeddable":true,"href":"https:\/\/www.portalalerta.com.br\/index.php\/wp-json\/wp\/v2\/comments?post=41622"}],"version-history":[{"count":1,"href":"https:\/\/www.portalalerta.com.br\/index.php\/wp-json\/wp\/v2\/posts\/41622\/revisions"}],"predecessor-version":[{"id":41624,"href":"https:\/\/www.portalalerta.com.br\/index.php\/wp-json\/wp\/v2\/posts\/41622\/revisions\/41624"}],"wp:featuredmedia":[{"embeddable":true,"href":"https:\/\/www.portalalerta.com.br\/index.php\/wp-json\/wp\/v2\/media\/41623"}],"wp:attachment":[{"href":"https:\/\/www.portalalerta.com.br\/index.php\/wp-json\/wp\/v2\/media?parent=41622"}],"wp:term":[{"taxonomy":"category","embeddable":true,"href":"https:\/\/www.portalalerta.com.br\/index.php\/wp-json\/wp\/v2\/categories?post=41622"},{"taxonomy":"post_tag","embeddable":true,"href":"https:\/\/www.portalalerta.com.br\/index.php\/wp-json\/wp\/v2\/tags?post=41622"}],"curies":[{"name":"wp","href":"https:\/\/api.w.org\/{rel}","templated":true}]}}