{"id":41625,"date":"2022-03-21T07:00:00","date_gmt":"2022-03-21T10:00:00","guid":{"rendered":"https:\/\/www.portalalerta.com.br\/?p=41625"},"modified":"2022-03-20T22:39:36","modified_gmt":"2022-03-21T01:39:36","slug":"suspeito-de-trafico-de-drogas-morre-em-confronto-com-a-policia-em-euclides-da-cunha-ba","status":"publish","type":"post","link":"https:\/\/www.portalalerta.com.br\/index.php\/2022\/03\/21\/suspeito-de-trafico-de-drogas-morre-em-confronto-com-a-policia-em-euclides-da-cunha-ba\/","title":{"rendered":"Suspeito de tr\u00e1fico de drogas morre em confronto com a Pol\u00edcia, em Euclides da Cunha-BA"},"content":{"rendered":"\n<p>Um homem de identidade n\u00e3o revelada e suspeito de tr\u00e1fico de drogas foi morto em confronto com policiais militares da Bahia na cidade de Euclides da Cunha-BA. O confronto aconteceu na madrugada da \u00faltima quinta-feira (17) no bairro Bela Vista.<\/p>\n\n\n\n<!--more-->\n\n\n\n<div class=\"wp-block-image\"><figure class=\"alignleft size-large is-resized\"><img fetchpriority=\"high\" decoding=\"async\" src=\"https:\/\/www.portalalerta.com.br\/wp-content\/uploads\/2022\/03\/Real-Calcados-Estilo-e-Moda-para-Voce-1024x459.jpeg\" alt=\"\" class=\"wp-image-41407\" width=\"403\" height=\"180\"\/><\/figure><\/div>\n\n\n\n<p>De acordo com a PM, na ocasi\u00e3o, o indiv\u00edduo identificado como suspeito atirou na guarni\u00e7\u00e3o formada por Policiais Militares da Companhia de Emprego T\u00e1tico Operacional (CETO) pertencente ao 5\u00ba BPM\/Euclides da Cunha. A guarni\u00e7\u00e3o revidou ao atentado atingido o criminoso.<\/p>\n\n\n\n<p>Ainda segundo a PM, o criminoso chegou a ser socorrido, mas n\u00e3o resistiu aos ferimentos morreu a caminho da unidade hospitalar.<\/p>\n\n\n\n<p>Na investida policial foram apreendidos: <strong>01 rev\u00f3lver calibre 38mm; 05 proj\u00e9teis intactos e 04 deflagrados; aproximadamente 200g de uma subst\u00e2ncia semelhante \u00e0 maconha; 27 papelotes de uma subst\u00e2ncia semelhante \u00e0 coca\u00edna; 01 balan\u00e7a de precis\u00e3o; e 01 brucutu.<\/strong><\/p>\n\n\n\n<p>O material foi apresentado \u00e0 1\u00aa Delegacia Territorial de Euclides da Cunha, para ado\u00e7\u00e3o das medidas cab\u00edveis.<\/p>\n\n\n\n<p><em>Fonte: euclidesdacunha.com<\/em><\/p>\n","protected":false},"excerpt":{"rendered":"<p>Um homem de identidade n\u00e3o revelada e suspeito de tr\u00e1fico de drogas foi morto em confronto com policiais militares da Bahia na cidade de Euclides da Cunha-BA. O confronto aconteceu na madrugada da \u00faltima quinta-feira (17) no bairro Bela Vista.<\/p>\n","protected":false},"author":2,"featured_media":41626,"comment_status":"open","ping_status":"open","sticky":false,"template":"","format":"standard","meta":{"om_disable_all_campaigns":false,"_monsterinsights_skip_tracking":false,"_monsterinsights_sitenote_active":false,"_monsterinsights_sitenote_note":"","_monsterinsights_sitenote_category":0,"footnotes":""},"categories":[70,17,69,32,22],"tags":[178,129,169,76],"class_list":["post-41625","post","type-post","status-publish","format-standard","has-post-thumbnail","hentry","category-destaques","category-euclides-da-cunha","category-noticias2","category-regiao","category-seguranca","tag-confronto","tag-euclides-da-cunha","tag-morte","tag-trafico-de-drogas"],"aioseo_notices":[],"_links":{"self":[{"href":"https:\/\/www.portalalerta.com.br\/index.php\/wp-json\/wp\/v2\/posts\/41625","targetHints":{"allow":["GET"]}}],"collection":[{"href":"https:\/\/www.portalalerta.com.br\/index.php\/wp-json\/wp\/v2\/posts"}],"about":[{"href":"https:\/\/www.portalalerta.com.br\/index.php\/wp-json\/wp\/v2\/types\/post"}],"author":[{"embeddable":true,"href":"https:\/\/www.portalalerta.com.br\/index.php\/wp-json\/wp\/v2\/users\/2"}],"replies":[{"embeddable":true,"href":"https:\/\/www.portalalerta.com.br\/index.php\/wp-json\/wp\/v2\/comments?post=41625"}],"version-history":[{"count":1,"href":"https:\/\/www.portalalerta.com.br\/index.php\/wp-json\/wp\/v2\/posts\/41625\/revisions"}],"predecessor-version":[{"id":41627,"href":"https:\/\/www.portalalerta.com.br\/index.php\/wp-json\/wp\/v2\/posts\/41625\/revisions\/41627"}],"wp:featuredmedia":[{"embeddable":true,"href":"https:\/\/www.portalalerta.com.br\/index.php\/wp-json\/wp\/v2\/media\/41626"}],"wp:attachment":[{"href":"https:\/\/www.portalalerta.com.br\/index.php\/wp-json\/wp\/v2\/media?parent=41625"}],"wp:term":[{"taxonomy":"category","embeddable":true,"href":"https:\/\/www.portalalerta.com.br\/index.php\/wp-json\/wp\/v2\/categories?post=41625"},{"taxonomy":"post_tag","embeddable":true,"href":"https:\/\/www.portalalerta.com.br\/index.php\/wp-json\/wp\/v2\/tags?post=41625"}],"curies":[{"name":"wp","href":"https:\/\/api.w.org\/{rel}","templated":true}]}}