{"id":41628,"date":"2022-03-21T07:01:00","date_gmt":"2022-03-21T10:01:00","guid":{"rendered":"https:\/\/www.portalalerta.com.br\/?p=41628"},"modified":"2022-03-20T22:45:21","modified_gmt":"2022-03-21T01:45:21","slug":"alexandre-de-moraes-revoga-bloqueio-do-telegram-no-brasil","status":"publish","type":"post","link":"https:\/\/www.portalalerta.com.br\/index.php\/2022\/03\/21\/alexandre-de-moraes-revoga-bloqueio-do-telegram-no-brasil\/","title":{"rendered":"Alexandre de Moraes revoga bloqueio do Telegram no Brasil"},"content":{"rendered":"\n<p>O ministro Alexandre de Moraes, do Supremo Tribunal Federal (STF), revogou neste domingo (20) o bloqueio do aplicativo Telegram no Brasil, depois que a plataforma cumpriu as determina\u00e7\u00f5es exigidas.<\/p>\n\n\n\n<!--more-->\n\n\n\n<p>Moraes havia decretado na quinta-feira (17), a pedido da Pol\u00edcia Federal, que plataformas e provedores de internet bloqueassem a ferramenta. A postura tinha sido motivada pelo descumprimento de ordens judiciais feitas \u00e0 empresa.<\/p>\n\n\n\n<p>Essa decis\u00e3o se tornou p\u00fablica na sexta-feira (18), e, no s\u00e1bado (19), Moraes ordenou que o Telegram cumprisse uma lista de decis\u00f5es judiciais pendentes em at\u00e9 24 horas, como a exclus\u00e3o de perfis bolsonaristas ligados \u00e0 dissemina\u00e7\u00e3o de not\u00edcias falsas.<\/p>\n\n\n\n<p>O prazo determinado terminou \u00e0s 16h44 deste domingo. O bloqueio efetivo da plataforma estava estipulado para come\u00e7ar nesta segunda-feira (21).<\/p>\n\n\n\n<p>Por causa das elei\u00e7\u00f5es deste ano, a ferramenta tem sido vista com preocupa\u00e7\u00e3o devido \u00e0 dissemina\u00e7\u00e3o de fake news e sua falta de controle. Desse modo, a plataforma se tornou alvo de debate no Congresso e no TSE.<\/p>\n\n\n\n<p>O Telegram \u00e9 muito usado pela milit\u00e2ncia bolsonarista; o canal do presidente no aplicativo conta com 1 milh\u00e3o de inscritos.<\/p>\n\n\n\n<p><em>Fonte: Yahoo Not\u00edcias<\/em><\/p>\n","protected":false},"excerpt":{"rendered":"<p>O ministro Alexandre de Moraes, do Supremo Tribunal Federal (STF), revogou neste domingo (20) o bloqueio do aplicativo Telegram no Brasil, depois que a plataforma cumpriu as determina\u00e7\u00f5es exigidas.<\/p>\n","protected":false},"author":2,"featured_media":41629,"comment_status":"open","ping_status":"open","sticky":false,"template":"","format":"standard","meta":{"om_disable_all_campaigns":false,"_monsterinsights_skip_tracking":false,"_monsterinsights_sitenote_active":false,"_monsterinsights_sitenote_note":"","_monsterinsights_sitenote_category":0,"footnotes":""},"categories":[34,70,69],"tags":[1173,93,216,5300],"class_list":["post-41628","post","type-post","status-publish","format-standard","has-post-thumbnail","hentry","category-brasil","category-destaques","category-noticias2","tag-alexandre-de-moraes","tag-brasil","tag-stf","tag-telegram"],"aioseo_notices":[],"_links":{"self":[{"href":"https:\/\/www.portalalerta.com.br\/index.php\/wp-json\/wp\/v2\/posts\/41628","targetHints":{"allow":["GET"]}}],"collection":[{"href":"https:\/\/www.portalalerta.com.br\/index.php\/wp-json\/wp\/v2\/posts"}],"about":[{"href":"https:\/\/www.portalalerta.com.br\/index.php\/wp-json\/wp\/v2\/types\/post"}],"author":[{"embeddable":true,"href":"https:\/\/www.portalalerta.com.br\/index.php\/wp-json\/wp\/v2\/users\/2"}],"replies":[{"embeddable":true,"href":"https:\/\/www.portalalerta.com.br\/index.php\/wp-json\/wp\/v2\/comments?post=41628"}],"version-history":[{"count":1,"href":"https:\/\/www.portalalerta.com.br\/index.php\/wp-json\/wp\/v2\/posts\/41628\/revisions"}],"predecessor-version":[{"id":41630,"href":"https:\/\/www.portalalerta.com.br\/index.php\/wp-json\/wp\/v2\/posts\/41628\/revisions\/41630"}],"wp:featuredmedia":[{"embeddable":true,"href":"https:\/\/www.portalalerta.com.br\/index.php\/wp-json\/wp\/v2\/media\/41629"}],"wp:attachment":[{"href":"https:\/\/www.portalalerta.com.br\/index.php\/wp-json\/wp\/v2\/media?parent=41628"}],"wp:term":[{"taxonomy":"category","embeddable":true,"href":"https:\/\/www.portalalerta.com.br\/index.php\/wp-json\/wp\/v2\/categories?post=41628"},{"taxonomy":"post_tag","embeddable":true,"href":"https:\/\/www.portalalerta.com.br\/index.php\/wp-json\/wp\/v2\/tags?post=41628"}],"curies":[{"name":"wp","href":"https:\/\/api.w.org\/{rel}","templated":true}]}}