{"id":41635,"date":"2022-03-21T11:30:00","date_gmt":"2022-03-21T14:30:00","guid":{"rendered":"https:\/\/www.portalalerta.com.br\/?p=41635"},"modified":"2022-03-20T23:23:04","modified_gmt":"2022-03-21T02:23:04","slug":"promotor-de-justica-e-transferido-de-ribeira-do-pombal-ba-e-cidade-fica-sem-titular","status":"publish","type":"post","link":"https:\/\/www.portalalerta.com.br\/index.php\/2022\/03\/21\/promotor-de-justica-e-transferido-de-ribeira-do-pombal-ba-e-cidade-fica-sem-titular\/","title":{"rendered":"Promotor de Justi\u00e7a \u00e9 transferido de Ribeira do Pombal-BA, e cidade fica sem titular"},"content":{"rendered":"\n<p>Ap\u00f3s ser promovido, o Promotor de Justi\u00e7a Alan Cedraz Carneiro Santiago, deixou a Comarca de Ribeira do Pombal-BA, passando a atuar no munic\u00edpio de Len\u00e7\u00f3is-BA.<\/p>\n\n\n\n<!--more-->\n\n\n\n<div class=\"wp-block-image\"><figure class=\"alignleft size-large is-resized\"><img fetchpriority=\"high\" decoding=\"async\" src=\"https:\/\/www.portalalerta.com.br\/wp-content\/uploads\/2022\/03\/Real-Calcados-Estilo-e-Moda-para-Voce-1024x459.jpeg\" alt=\"\" class=\"wp-image-41407\" width=\"350\" height=\"157\"\/><\/figure><\/div>\n\n\n\n<p>Desta forma, a promotoria pombalense se encontra sem um representante titular, sendo designado provisoriamente para o lugar de Dr. Alan, Dr. Davi Galo, bastante conhecido no judici\u00e1rio baiano.<\/p>\n\n\n\n<p>Ainda segundo informa\u00e7\u00f5es, a defasagem no Minist\u00e9rio P\u00fablico local aumentou, tendo em vista deveria ser composto por dois promotores de justi\u00e7a titulares.<\/p>\n\n\n\n<p><em>Reda\u00e7\u00e3o: Portal Alerta<\/em><\/p>\n\n\n\n<p><em>Com informa\u00e7\u00f5es: Joilson Costa<\/em><\/p>\n","protected":false},"excerpt":{"rendered":"<p>Ap\u00f3s ser promovido, o Promotor de Justi\u00e7a Alan Cedraz Carneiro Santiago, deixou a Comarca de Ribeira do Pombal-BA, passando a atuar no munic\u00edpio de Len\u00e7\u00f3is-BA.<\/p>\n","protected":false},"author":2,"featured_media":18458,"comment_status":"open","ping_status":"open","sticky":false,"template":"","format":"standard","meta":{"om_disable_all_campaigns":false,"_monsterinsights_skip_tracking":false,"_monsterinsights_sitenote_active":false,"_monsterinsights_sitenote_note":"","_monsterinsights_sitenote_category":0,"footnotes":""},"categories":[70,69,32,3],"tags":[5302,5303,352,2967,47],"class_list":["post-41635","post","type-post","status-publish","format-standard","has-post-thumbnail","hentry","category-destaques","category-noticias2","category-regiao","category-ribeira-do-pombal","tag-alan-cedraz","tag-davi-galo","tag-ministerio-publico","tag-promotoria-de-justica","tag-ribeira-do-pombal"],"aioseo_notices":[],"_links":{"self":[{"href":"https:\/\/www.portalalerta.com.br\/index.php\/wp-json\/wp\/v2\/posts\/41635","targetHints":{"allow":["GET"]}}],"collection":[{"href":"https:\/\/www.portalalerta.com.br\/index.php\/wp-json\/wp\/v2\/posts"}],"about":[{"href":"https:\/\/www.portalalerta.com.br\/index.php\/wp-json\/wp\/v2\/types\/post"}],"author":[{"embeddable":true,"href":"https:\/\/www.portalalerta.com.br\/index.php\/wp-json\/wp\/v2\/users\/2"}],"replies":[{"embeddable":true,"href":"https:\/\/www.portalalerta.com.br\/index.php\/wp-json\/wp\/v2\/comments?post=41635"}],"version-history":[{"count":1,"href":"https:\/\/www.portalalerta.com.br\/index.php\/wp-json\/wp\/v2\/posts\/41635\/revisions"}],"predecessor-version":[{"id":41636,"href":"https:\/\/www.portalalerta.com.br\/index.php\/wp-json\/wp\/v2\/posts\/41635\/revisions\/41636"}],"wp:featuredmedia":[{"embeddable":true,"href":"https:\/\/www.portalalerta.com.br\/index.php\/wp-json\/wp\/v2\/media\/18458"}],"wp:attachment":[{"href":"https:\/\/www.portalalerta.com.br\/index.php\/wp-json\/wp\/v2\/media?parent=41635"}],"wp:term":[{"taxonomy":"category","embeddable":true,"href":"https:\/\/www.portalalerta.com.br\/index.php\/wp-json\/wp\/v2\/categories?post=41635"},{"taxonomy":"post_tag","embeddable":true,"href":"https:\/\/www.portalalerta.com.br\/index.php\/wp-json\/wp\/v2\/tags?post=41635"}],"curies":[{"name":"wp","href":"https:\/\/api.w.org\/{rel}","templated":true}]}}